{"id":145517,"date":"2021-12-09T12:00:00","date_gmt":"2021-12-09T11:00:00","guid":{"rendered":"http:\/\/www.tucomarca.com\/wordpress\/segunda\/?p=145517"},"modified":"2021-12-10T12:27:32","modified_gmt":"2021-12-10T11:27:32","slug":"riba-roja-de-turia-augmenta-un-35-la-renda-mitjana-per-habitant-aconsegueix-els-28-146-euros-bruts-a-lany-i-es-colloca-entre-els-20-primers-de-la-comunitat-valenciana","status":"publish","type":"post","link":"https:\/\/www.tucomarca.com\/wordpress\/segunda\/ca\/riba-roja-de-turia-augmenta-un-35-la-renda-mitjana-per-habitant-aconsegueix-els-28-146-euros-bruts-a-lany-i-es-colloca-entre-els-20-primers-de-la-comunitat-valenciana\/","title":{"rendered":"Riba-roja de T\u00faria augmenta un 3\u20195% la renda mitjana per habitant, aconsegueix els 28.146 euros bruts a l&#8217;any i es col\u00b7loca entre els 20 primers de la Comunitat Valenciana"},"content":{"rendered":"\n<h4 class=\"wp-block-heading\">L&#8217;Ag\u00e8ncia Tribut\u00e0ria publica les dades corresponents a l&#8217;any 2019<\/h4>\n\n\n\n<p>La renda mitjana bruta de Riba-roja de T\u00faria ha augmentat en un 3\u20195% en passar dels 28.146 euros de l&#8217;any 2018 als 29.137 euros en l&#8217;exercici de 2019 i, al mateix temps, ha millorat una posici\u00f3 en l&#8217;\u00e0mbit de la Comunitat Valenciana i se situa, actualment, en el lloc 16. Les dades s&#8217;extrauen de l&#8217;\u00faltima estad\u00edstica publicada per l&#8217;Ag\u00e8ncia Tribut\u00e0ria d&#8217;Espanya corresponent a l&#8217;any 2019.&nbsp;<\/p>\n\n\n\n<p>Les dades detallades reflecteixen una millora, m\u00e9s \u00e0mplia, entre els anys 2015 i 2019 amb fins a un increment del 12% en passar dels 26.011 als 29.137 euros, respectivament. En el global de la comarca de Camp de T\u00faria se situa en el quart lloc despr\u00e9s dels municipis de B\u00e9tera, l&#8217;Eliana i San Antonio de Benag\u00e9ber mentre que en el global d&#8217;Espanya est\u00e0 en el lloc 348, despr\u00e9s de millorar 12 llocs en total.&nbsp;<\/p>\n\n\n\n<p>Les estad\u00edstiques de l&#8217;any tributari 2019 a Riba-roja de T\u00faria donen a con\u00e9ixer que es van presentar un total de 10.867 declaracions dels ve\u00efns -367 m\u00e9s que en l&#8217;exercici econ\u00f2mic anterior- i la renda disponible mitjana disponible \u2013despr\u00e9s dels impostos corresponents- es van incrementar en altres 686 euros en passar dels 22.825 als 23.511 euros entre els de l&#8217;any 2019 i l&#8217;anterior.&nbsp;<\/p>\n\n\n\n<p>El valor de les rendes del treball en l&#8217;exercici analitzat aconsegueix els 254 milions d&#8217;euros entre totes les declaracions de la renda presentades pels contribuents de Riba-roja de T\u00faria davant l&#8217;Ag\u00e8ncia Tributari. Per part seua, les rendes d&#8217;activitats econ\u00f2miques es xifren en 21 milions d&#8217;euros i les rendes del capital mobiliari en altres 6\u20191 milions d&#8217;euros.&nbsp;<\/p>\n\n\n\n<p>Les declaracions dels contribuents de Riba-roja de T\u00faria es van beneficiar, tamb\u00e9, de les exempcions que aplica l&#8217;Ag\u00e8ncia Tribut\u00e0ria amb un volum que aconsegueix, actualment, els 11\u20194 milions d&#8217;euros, entre les quals cal destacar algunes com la maternitat, les fam\u00edlies nombroses o de depend\u00e8ncia valorades en 1\u20195 milions d&#8217;euros, a m\u00e9s d&#8217;altres rendes per treball personal relacionades amb indemnitzacions per acomiadament i altres rendes del treball.&nbsp;<\/p>\n\n\n\n<p>Les dades de l&#8217;Ag\u00e8ncia Tribut\u00e0ria se centren en detallar, de manera detallada, alguns aspectes relacionats amb les declaracions dels 12.348 contribuents de Riba-roja de T\u00faria, com els 8.301 fills continguts en les declaracions fiscals, les 483 relatives a deduccions per maternitat, altres 336 per increment de despeses en guarderia o centres d&#8217;educaci\u00f3 infantil o les 428 sobre deduccions per descendents, ascendents o c\u00f2njuges amb discapacitat.&nbsp;<\/p>\n\n\n\n<p>Finalment, l&#8217;an\u00e0lisi de l&#8217;Ag\u00e8ncia Tribut\u00e0ria aborda altres aspectes com les 611 declaracions que contenen deduccions mitjanes per habitatge habitual o les 2.102 sobre aportacions mitjanes als plans de pensions contractats per cadascun dels contribuents, les 444 declaracions referides a les fam\u00edlies nombroses o assimilades de Riba-roja de T\u00faria o les 409 per fam\u00edlia nombrosa de categoria especial.&nbsp;<\/p>\n\n\n\n<p>L&#8217;alcalde de Riba-roja de T\u00faria, Robert Raga, ha afirmat que aquestes dades \u201cs\u00f3n una estad\u00edstica sobre la renda mitjana dels nostres ve\u00efns, es tracta d&#8217;unes dades positives que reflecteixen una situaci\u00f3 en el nostre municipi que ens animen a continuar treballant en la mateixa l\u00ednia de suport als sectors econ\u00f2mics de la localitat perqu\u00e8, d&#8217;aquesta manera, la classe mitjana i baixa puguen disposar d&#8217;una renda millor\u201d.<\/p>\n\n\n\n<p><\/p>\n","protected":false},"excerpt":{"rendered":"<div class=\"mh-excerpt\">L&#8217;Ag\u00e8ncia Tribut\u00e0ria publica les dades corresponents a l&#8217;any 2019 La renda mitjana bruta de Riba-roja de T\u00faria ha augmentat en un 3\u20195% en passar dels 28.146 euros de l&#8217;any 2018 als 29.137 euros en l&#8217;exercici <a class=\"mh-excerpt-more\" href=\"https:\/\/www.tucomarca.com\/wordpress\/segunda\/ca\/riba-roja-de-turia-augmenta-un-35-la-renda-mitjana-per-habitant-aconsegueix-els-28-146-euros-bruts-a-lany-i-es-colloca-entre-els-20-primers-de-la-comunitat-valenciana\/\" title=\"Riba-roja de T\u00faria augmenta un 3\u20195% la renda mitjana per habitant, aconsegueix els 28.146 euros bruts a l&#8217;any i es col\u00b7loca entre els 20 primers de la Comunitat Valenciana\">[+] <\/a><\/div>\n","protected":false},"author":12,"featured_media":97234,"comment_status":"open","ping_status":"open","sticky":false,"template":"","format":"standard","meta":{"footnotes":""},"categories":[10892,10948,10894,10947,10906,10896],"tags":[10899,15996,15024],"class_list":{"0":"post-145517","1":"post","2":"type-post","3":"status-publish","4":"format-standard","5":"has-post-thumbnail","7":"category-camp-de-turia-ca","8":"category-infraestructuras-ca","9":"category-la-comarca-ca","10":"category-politica","11":"category-riba-roja-ca","12":"category-seccion-ca","13":"tag-camp-de-turia-ca","14":"tag-renta-media-por-habitante-ca","15":"tag-riba-roja-de-turia-ca"},"_links":{"self":[{"href":"https:\/\/www.tucomarca.com\/wordpress\/segunda\/ca\/wp-json\/wp\/v2\/posts\/145517","targetHints":{"allow":["GET"]}}],"collection":[{"href":"https:\/\/www.tucomarca.com\/wordpress\/segunda\/ca\/wp-json\/wp\/v2\/posts"}],"about":[{"href":"https:\/\/www.tucomarca.com\/wordpress\/segunda\/ca\/wp-json\/wp\/v2\/types\/post"}],"author":[{"embeddable":true,"href":"https:\/\/www.tucomarca.com\/wordpress\/segunda\/ca\/wp-json\/wp\/v2\/users\/12"}],"replies":[{"embeddable":true,"href":"https:\/\/www.tucomarca.com\/wordpress\/segunda\/ca\/wp-json\/wp\/v2\/comments?post=145517"}],"version-history":[{"count":0,"href":"https:\/\/www.tucomarca.com\/wordpress\/segunda\/ca\/wp-json\/wp\/v2\/posts\/145517\/revisions"}],"wp:featuredmedia":[{"embeddable":true,"href":"https:\/\/www.tucomarca.com\/wordpress\/segunda\/ca\/wp-json\/wp\/v2\/media\/97234"}],"wp:attachment":[{"href":"https:\/\/www.tucomarca.com\/wordpress\/segunda\/ca\/wp-json\/wp\/v2\/media?parent=145517"}],"wp:term":[{"taxonomy":"category","embeddable":true,"href":"https:\/\/www.tucomarca.com\/wordpress\/segunda\/ca\/wp-json\/wp\/v2\/categories?post=145517"},{"taxonomy":"post_tag","embeddable":true,"href":"https:\/\/www.tucomarca.com\/wordpress\/segunda\/ca\/wp-json\/wp\/v2\/tags?post=145517"}],"curies":[{"name":"wp","href":"https:\/\/api.w.org\/{rel}","templated":true}]}}