{"id":145762,"date":"2021-12-13T13:39:00","date_gmt":"2021-12-13T12:39:00","guid":{"rendered":"http:\/\/www.tucomarca.com\/wordpress\/segunda\/?p=145762"},"modified":"2021-12-14T09:43:32","modified_gmt":"2021-12-14T08:43:32","slug":"la-festa-de-la-tomatina-de-bunyol-crea-el-seu-passeig-de-la-fama-amb-plaques-que-marquen-el-recorregut-de-la-festa","status":"publish","type":"post","link":"https:\/\/www.tucomarca.com\/wordpress\/segunda\/ca\/la-festa-de-la-tomatina-de-bunyol-crea-el-seu-passeig-de-la-fama-amb-plaques-que-marquen-el-recorregut-de-la-festa\/","title":{"rendered":"La Festa de la Tomatina de Bunyol crea el seu \u201cPasseig de la Fama\u201d amb plaques que marquen el recorregut de la festa"},"content":{"rendered":"\n<h4 class=\"wp-block-heading\">La Festa de la Tomatina de Bunyol rep una subvenci\u00f3 de la Diputaci\u00f3 de Val\u00e8ncia per a donar a con\u00e8ixer el recorregut pel qual discorre aquesta festa tots els \u00faltims dimecres d&#8217;agost.<\/h4>\n\n\n\n<p>Mar\u00eda Vall\u00e9s, regidora de Turisme i Tomatina de l&#8217;Ajuntament de Bunyol, ha informat de la recepci\u00f3 d&#8217;una petita subvenci\u00f3 de la Diputaci\u00f3 de Val\u00e8ncia, de 1.500\u20ac, amb la qual s&#8217;ha confeccionat un \u201cPasseig de la Fama\u201d amb rajoles met\u00e0l\u00b7liques en tot el recorregut tradicional d&#8217;aquesta festa, declarada Festa d&#8217;Inter\u00e8s Tur\u00edstic Internacional per la Secretaria General de Turisme. Tots els visitants podran con\u00e8ixer de prop per on es llancen els tom\u00e0quets cada any, fer-se fotos amb els rajoles met\u00e0l\u00b7liques instal\u00b7lades en les voreres del recorregut i si el segueixen els portar\u00e0 al Museu de la Tomatina: \u201cconeixent de primera m\u00e0 el recorregut sense tom\u00e0quets i amb tom\u00e0quets, gr\u00e0cies l&#8217;experi\u00e8ncia VR Tomatina Virtual que t&#8217;endinsa en una t\u00edpica Tomatina\u201d.<\/p>\n\n\n\n<p>Al m\u00e9s pur estil del \u201cPasseig de les Estrelles\u201d, Bunyol d\u00f3na a con\u00e8ixer un altre dels seus immensos potencials tur\u00edstics amb els quals compte. A m\u00e9s dels bells paratges naturals, el seu excel\u00b7lent i \u00fanica gastronomia i incre\u00efbles edificis hist\u00f2rics i patrimonials, ha d&#8217;unir-se el Museu de la Tomatina, que est\u00e0 en l&#8217;Edifici Gal\u00e0, on tamb\u00e9 est\u00e0 l&#8217;Oficina de Turisme i la Biblioteca P\u00fablica Municipal \u201ccronista Fernando Galarza\u201d.<\/p>\n\n\n\n<p>A m\u00e9s, l&#8217;edil informa que dem\u00e0 dimarts 14 de desembre es reinaugurar\u00e0 aquest museu, que compta amb una tecnologia punta \u00fanica, diferents photocalls per a fer-se fotos i tamb\u00e9 per a viure in situ d&#8217;una tomatina \u00fanica amb la Sala Immersiva. \u201cVindran ag\u00e8ncies de turisme i mitjans de comunicaci\u00f3 perqu\u00e8 pensem que hem de continuar amb la nostra campanya tur\u00edstica sobre <em>Tomatina com a ganxo perqu\u00e8 coneguin Bunyol. A trav\u00e9s de l&#8217;Oficina de Turisme poden visitar aquest museu els divendres, dissabtes i diumenges de 10 a 13.<\/em>30h i amb reserva pr\u00e8via, els dimecres i dijous en aquest mateix horari\u201d.<\/p>\n\n\n\n<p>De fet recorda que ja han vingut turistes que aprofiten per a con\u00e8ixer Bunyol, el seu castell, els seus plats, els seus teatres i de pas el Museu de la Tomatina. \u201cContinuem treballant per a donar a con\u00e8ixer la nostra bella localitat per a un turista familiar, pr\u00f2xim i que busca experi\u00e8ncies gastron\u00f2miques i d&#8217;interior \u00faniques\u201d, finalitza Vall\u00e9s.<\/p>\n","protected":false},"excerpt":{"rendered":"<div class=\"mh-excerpt\">La Festa de la Tomatina de Bunyol rep una subvenci\u00f3 de la Diputaci\u00f3 de Val\u00e8ncia per a donar a con\u00e8ixer el recorregut pel qual discorre aquesta festa tots els \u00faltims dimecres d&#8217;agost. Mar\u00eda Vall\u00e9s, regidora <a class=\"mh-excerpt-more\" href=\"https:\/\/www.tucomarca.com\/wordpress\/segunda\/ca\/la-festa-de-la-tomatina-de-bunyol-crea-el-seu-passeig-de-la-fama-amb-plaques-que-marquen-el-recorregut-de-la-festa\/\" title=\"La Festa de la Tomatina de Bunyol crea el seu \u201cPasseig de la Fama\u201d amb plaques que marquen el recorregut de la festa\">[+] <\/a><\/div>\n","protected":false},"author":1,"featured_media":145760,"comment_status":"open","ping_status":"open","sticky":false,"template":"","format":"standard","meta":{"footnotes":""},"categories":[10911,10948,10894,10912,11007,10896],"tags":[],"class_list":{"0":"post-145762","1":"post","2":"type-post","3":"status-publish","4":"format-standard","5":"has-post-thumbnail","7":"category-bunol-ca","8":"category-infraestructuras-ca","9":"category-la-comarca-ca","10":"category-la-hoya-ca","11":"category-ocio-y-cultura-ca","12":"category-seccion-ca"},"_links":{"self":[{"href":"https:\/\/www.tucomarca.com\/wordpress\/segunda\/ca\/wp-json\/wp\/v2\/posts\/145762","targetHints":{"allow":["GET"]}}],"collection":[{"href":"https:\/\/www.tucomarca.com\/wordpress\/segunda\/ca\/wp-json\/wp\/v2\/posts"}],"about":[{"href":"https:\/\/www.tucomarca.com\/wordpress\/segunda\/ca\/wp-json\/wp\/v2\/types\/post"}],"author":[{"embeddable":true,"href":"https:\/\/www.tucomarca.com\/wordpress\/segunda\/ca\/wp-json\/wp\/v2\/users\/1"}],"replies":[{"embeddable":true,"href":"https:\/\/www.tucomarca.com\/wordpress\/segunda\/ca\/wp-json\/wp\/v2\/comments?post=145762"}],"version-history":[{"count":0,"href":"https:\/\/www.tucomarca.com\/wordpress\/segunda\/ca\/wp-json\/wp\/v2\/posts\/145762\/revisions"}],"wp:featuredmedia":[{"embeddable":true,"href":"https:\/\/www.tucomarca.com\/wordpress\/segunda\/ca\/wp-json\/wp\/v2\/media\/145760"}],"wp:attachment":[{"href":"https:\/\/www.tucomarca.com\/wordpress\/segunda\/ca\/wp-json\/wp\/v2\/media?parent=145762"}],"wp:term":[{"taxonomy":"category","embeddable":true,"href":"https:\/\/www.tucomarca.com\/wordpress\/segunda\/ca\/wp-json\/wp\/v2\/categories?post=145762"},{"taxonomy":"post_tag","embeddable":true,"href":"https:\/\/www.tucomarca.com\/wordpress\/segunda\/ca\/wp-json\/wp\/v2\/tags?post=145762"}],"curies":[{"name":"wp","href":"https:\/\/api.w.org\/{rel}","templated":true}]}}