{"id":145868,"date":"2021-12-14T19:00:00","date_gmt":"2021-12-14T18:00:00","guid":{"rendered":"http:\/\/www.tucomarca.com\/wordpress\/segunda\/?p=145868"},"modified":"2021-12-14T23:34:45","modified_gmt":"2021-12-14T22:34:45","slug":"sanitat-notifica-2-162-nous-casos-de-coronavirus-i-1-353-altes-en-la-comunitat-valenciana","status":"publish","type":"post","link":"https:\/\/www.tucomarca.com\/wordpress\/segunda\/ca\/sanitat-notifica-2-162-nous-casos-de-coronavirus-i-1-353-altes-en-la-comunitat-valenciana\/","title":{"rendered":"Sanitat notifica 2.162 nous casos de coronavirus i 1.353 altes en la Comunitat Valenciana"},"content":{"rendered":"\n<p><strong>Per prov\u00edncies: 337 a Castell\u00f3, 791 a Alacant i 1.034 a Val\u00e8ncia<\/strong><\/p>\n\n\n\n<p><strong>Els hospitals valencians tenen 711 persones ingressades, 112 d&#8217;elles en l&#8217;UCI<\/strong><\/p>\n\n\n\n<p>La Conselleria de Sanitat Universal i Salut P\u00fablica ha notificat 2.162 nous casos de coronavirus confirmats per prova *PCR o a trav\u00e9s de test d&#8217;ant\u00edgens. Amb aquesta actualitzaci\u00f3, la xifra total de positius se situa en 556.961 persones. Els nous casos per prov\u00edncies s\u00f3n 337 a Castell\u00f3 (61.466 en total); 791 a Alacant (202.528) i 1.034 a Val\u00e8ncia (292.966). La xifra de casos no assignats es mant\u00e9 en 1.<\/p>\n\n\n\n<p>D&#8217;altra banda, s&#8217;han registrat 1.353 altes a pacients amb coronavirus. D&#8217;aquesta manera, el nombre de persones que han superat la malaltia des que va comen\u00e7ar la pand\u00e8mia en la Comunitat Valenciana ascendeix a 537.365 persones. Per prov\u00edncies, les altes es distribueixen aix\u00ed: 58.518 a Castell\u00f3, 195.484 a Alacant i 283.307 a Val\u00e8ncia. El total d&#8217;altes no assignades es mant\u00e9 en 56.<\/p>\n\n\n\n<p>Els hospitals valencians tenen, actualment, 711 persones ingressades, 112 d&#8217;elles en l&#8217;UCI: 105 a la prov\u00edncia de Castell\u00f3, 16 en UCI; 226 a la prov\u00edncia d&#8217;Alacant, 43 d&#8217;elles en l&#8217;UCI; i 380 a la prov\u00edncia de Val\u00e8ncia, 53 en UCI.<\/p>\n\n\n\n<p>S&#8217;han registrat 14 defuncions per coronavirus des de l&#8217;\u00faltima actualitzaci\u00f3, persones d&#8217;entre 38 i 98 anys, per la qual cosa el total de decessos des de l&#8217;inici de la pand\u00e8mia ascendeix a 7.998: 892 a la prov\u00edncia de Castell\u00f3, 3.072 en la d&#8217;Alacant i 4.034 en la de Val\u00e8ncia.<\/p>\n\n\n\n<p>D&#8217;acord amb les dades registrades, en aquests moments hi ha 23.039 casos actius, la qual cosa suposa un 4,05% del total de positius.<\/p>\n\n\n\n<p>Des de l&#8217;\u00faltima actualitzaci\u00f3, s&#8217;han notificat dos brots de 10 o m\u00e9s casos:<\/p>\n\n\n\n<p>\u00b7 Montesa: 11 casos. Origen social<\/p>\n\n\n\n<p>\u00b7 Alginet: 16 casos. \u00c0mbit educatiu<\/p>\n","protected":false},"excerpt":{"rendered":"<div class=\"mh-excerpt\">Per prov\u00edncies: 337 a Castell\u00f3, 791 a Alacant i 1.034 a Val\u00e8ncia Els hospitals valencians tenen 711 persones ingressades, 112 d&#8217;elles en l&#8217;UCI La Conselleria de Sanitat Universal i Salut P\u00fablica ha notificat 2.162 nous <a class=\"mh-excerpt-more\" href=\"https:\/\/www.tucomarca.com\/wordpress\/segunda\/ca\/sanitat-notifica-2-162-nous-casos-de-coronavirus-i-1-353-altes-en-la-comunitat-valenciana\/\" title=\"Sanitat notifica 2.162 nous casos de coronavirus i 1.353 altes en la Comunitat Valenciana\">[+] <\/a><\/div>\n","protected":false},"author":1,"featured_media":123779,"comment_status":"open","ping_status":"open","sticky":false,"template":"","format":"standard","meta":{"footnotes":""},"categories":[11010,12202,10898,10948,10894,10904,10903,10947,10896,10897],"tags":[11939,11940,13963,13932],"class_list":{"0":"post-145868","1":"post","2":"type-post","3":"status-publish","4":"format-standard","5":"has-post-thumbnail","7":"category-canal-salud","8":"category-covid-19-ca","9":"category-ventana-ca","10":"category-infraestructuras-ca","11":"category-la-comarca-ca","12":"category-sin-categorizar-ca","13":"category-medio-ambiente-la-comarca-ca","14":"category-politica","15":"category-seccion-ca","16":"category-sucesos-la-comarca-ca","17":"tag-coronavirus-ca","18":"tag-covid-19-ca","19":"tag-vacunacion-ca","20":"tag-vacunas-ca"},"_links":{"self":[{"href":"https:\/\/www.tucomarca.com\/wordpress\/segunda\/ca\/wp-json\/wp\/v2\/posts\/145868","targetHints":{"allow":["GET"]}}],"collection":[{"href":"https:\/\/www.tucomarca.com\/wordpress\/segunda\/ca\/wp-json\/wp\/v2\/posts"}],"about":[{"href":"https:\/\/www.tucomarca.com\/wordpress\/segunda\/ca\/wp-json\/wp\/v2\/types\/post"}],"author":[{"embeddable":true,"href":"https:\/\/www.tucomarca.com\/wordpress\/segunda\/ca\/wp-json\/wp\/v2\/users\/1"}],"replies":[{"embeddable":true,"href":"https:\/\/www.tucomarca.com\/wordpress\/segunda\/ca\/wp-json\/wp\/v2\/comments?post=145868"}],"version-history":[{"count":0,"href":"https:\/\/www.tucomarca.com\/wordpress\/segunda\/ca\/wp-json\/wp\/v2\/posts\/145868\/revisions"}],"wp:featuredmedia":[{"embeddable":true,"href":"https:\/\/www.tucomarca.com\/wordpress\/segunda\/ca\/wp-json\/wp\/v2\/media\/123779"}],"wp:attachment":[{"href":"https:\/\/www.tucomarca.com\/wordpress\/segunda\/ca\/wp-json\/wp\/v2\/media?parent=145868"}],"wp:term":[{"taxonomy":"category","embeddable":true,"href":"https:\/\/www.tucomarca.com\/wordpress\/segunda\/ca\/wp-json\/wp\/v2\/categories?post=145868"},{"taxonomy":"post_tag","embeddable":true,"href":"https:\/\/www.tucomarca.com\/wordpress\/segunda\/ca\/wp-json\/wp\/v2\/tags?post=145868"}],"curies":[{"name":"wp","href":"https:\/\/api.w.org\/{rel}","templated":true}]}}