{"id":145874,"date":"2021-12-14T18:11:00","date_gmt":"2021-12-14T17:11:00","guid":{"rendered":"http:\/\/www.tucomarca.com\/wordpress\/segunda\/?p=145874"},"modified":"2021-12-15T10:13:49","modified_gmt":"2021-12-15T09:13:49","slug":"el-consorci-reparteix-vals-descompte-entre-la-ciutadania-dutiel-que-ha-reciclat-en-els-ecoparcs-fixos-i-mobils-2","status":"publish","type":"post","link":"https:\/\/www.tucomarca.com\/wordpress\/segunda\/ca\/el-consorci-reparteix-vals-descompte-entre-la-ciutadania-dutiel-que-ha-reciclat-en-els-ecoparcs-fixos-i-mobils-2\/","title":{"rendered":"El Consorci reparteix vals descompte entre la ciutadania d&#8217;Utiel que ha reciclat en els ecoparcs fixos i m\u00f2bils"},"content":{"rendered":"\n<h4 class=\"wp-block-heading\"><strong>Enguany s&#8217;ha tornat a establir una cita pr\u00e8via perqu\u00e8 la ciutadania pugui recollir els seus bitllets adequadament i sense aglomeracions<\/strong><\/h4>\n\n\n\n<p>El Consorci Val\u00e8ncia Interior (CVI) ha comen\u00e7at la tradicional campanya de repartiment dels vals descompto del meu Compte Ambiental entre els ve\u00efns i ve\u00efnes d&#8217;Utiel. D&#8217;aquesta manera, es pret\u00e9n premiar l&#8217;esfor\u00e7 de la ciutadania que ha reciclat correctament durant l&#8217;any, gr\u00e0cies a la campanya el meu Compte Ambiental del CVI, dipositant adequadament els residus en l&#8217;ecoparc i el ecom\u00f3vil. Amb els tiquets lliurats es podr\u00e0 pagar en m\u00e9s de 120 establiments d&#8217;Utiel adherits a la campanya.<br>En la passada edici\u00f3, el CVI va repartir 14.115 euros en aquesta campanya i va beneficiar a 1.121 fam\u00edlies que van veure com s&#8217;alleujava la seva economia durant les festes nadalenques amb aquesta iniciativa.<br>Els vals de la present campanya es podran recollir fins al 12 de gener de 2022 i es podran gastar fins al 31 de gener a les botigues d&#8217;Utiel, gr\u00e0cies tamb\u00e9 a la col\u00b7laboraci\u00f3 del comer\u00e7 local. Enguany, igual que l&#8217;any passat, la campanya t\u00e9 una particularitat a causa del COVID i s&#8217;ha establert una cita pr\u00e8via perqu\u00e8 els ve\u00efns i ve\u00efnes puguin recollir els seus vals amb comoditat i sense aglomeracions. \u00danicament es podran recollir trucant al tel\u00e8fon 689314841 i amb cita pr\u00e8via.<br>Per a informar la ciutadania sobre la recollida de vals s&#8217;han establert unes accions d&#8217;educaci\u00f3 ambiental els dies 15, 22 i 29 de desembre de manera itinerant pel mercat ambulant i el mercat municipal, ja que la intenci\u00f3 \u00e9s que tota la informaci\u00f3 de la campanya arribi adequadament a la ciutadania.<br>La iniciativa est\u00e0 perfectament consolidada i amb ella es pret\u00e9n unir el bon comportament mediambiental amb l&#8217;impuls al comer\u00e7 local gr\u00e0cies a l&#8217;Ag\u00e8ncia de Desenvolupament Local d&#8217;Utiel. I \u00e9s que els comerciants porten anys col\u00b7laborant activament amb aquesta tasca de reconeixement a les persones d&#8217;Utiel que ajuden a aconseguir millors resultats mediambientals en les instal\u00b7lacions de valoritzaci\u00f3 de residus dom\u00e8stics del Consorci Val\u00e8ncia Interior.<\/p>\n","protected":false},"excerpt":{"rendered":"<div class=\"mh-excerpt\">Enguany s&#8217;ha tornat a establir una cita pr\u00e8via perqu\u00e8 la ciutadania pugui recollir els seus bitllets adequadament i sense aglomeracions El Consorci Val\u00e8ncia Interior (CVI) ha comen\u00e7at la tradicional campanya de repartiment dels vals descompto <a class=\"mh-excerpt-more\" href=\"https:\/\/www.tucomarca.com\/wordpress\/segunda\/ca\/el-consorci-reparteix-vals-descompte-entre-la-ciutadania-dutiel-que-ha-reciclat-en-els-ecoparcs-fixos-i-mobils-2\/\" title=\"El Consorci reparteix vals descompte entre la ciutadania d&#8217;Utiel que ha reciclat en els ecoparcs fixos i m\u00f2bils\">[+] <\/a><\/div>\n","protected":false},"author":1,"featured_media":145872,"comment_status":"open","ping_status":"open","sticky":false,"template":"","format":"standard","meta":{"footnotes":""},"categories":[10898,10948,10894,10904,10903,10909,10896,11059],"tags":[11117,10910,11174],"class_list":{"0":"post-145874","1":"post","2":"type-post","3":"status-publish","4":"format-standard","5":"has-post-thumbnail","7":"category-ventana-ca","8":"category-infraestructuras-ca","9":"category-la-comarca-ca","10":"category-sin-categorizar-ca","11":"category-medio-ambiente-la-comarca-ca","12":"category-requena-utiel-ca","13":"category-seccion-ca","14":"category-utiel-ca","15":"tag-consorcio-valencia-interior-ca","16":"tag-requena-utiel-ca","17":"tag-utiel-ca"},"_links":{"self":[{"href":"https:\/\/www.tucomarca.com\/wordpress\/segunda\/ca\/wp-json\/wp\/v2\/posts\/145874","targetHints":{"allow":["GET"]}}],"collection":[{"href":"https:\/\/www.tucomarca.com\/wordpress\/segunda\/ca\/wp-json\/wp\/v2\/posts"}],"about":[{"href":"https:\/\/www.tucomarca.com\/wordpress\/segunda\/ca\/wp-json\/wp\/v2\/types\/post"}],"author":[{"embeddable":true,"href":"https:\/\/www.tucomarca.com\/wordpress\/segunda\/ca\/wp-json\/wp\/v2\/users\/1"}],"replies":[{"embeddable":true,"href":"https:\/\/www.tucomarca.com\/wordpress\/segunda\/ca\/wp-json\/wp\/v2\/comments?post=145874"}],"version-history":[{"count":0,"href":"https:\/\/www.tucomarca.com\/wordpress\/segunda\/ca\/wp-json\/wp\/v2\/posts\/145874\/revisions"}],"wp:featuredmedia":[{"embeddable":true,"href":"https:\/\/www.tucomarca.com\/wordpress\/segunda\/ca\/wp-json\/wp\/v2\/media\/145872"}],"wp:attachment":[{"href":"https:\/\/www.tucomarca.com\/wordpress\/segunda\/ca\/wp-json\/wp\/v2\/media?parent=145874"}],"wp:term":[{"taxonomy":"category","embeddable":true,"href":"https:\/\/www.tucomarca.com\/wordpress\/segunda\/ca\/wp-json\/wp\/v2\/categories?post=145874"},{"taxonomy":"post_tag","embeddable":true,"href":"https:\/\/www.tucomarca.com\/wordpress\/segunda\/ca\/wp-json\/wp\/v2\/tags?post=145874"}],"curies":[{"name":"wp","href":"https:\/\/api.w.org\/{rel}","templated":true}]}}