{"id":145910,"date":"2021-12-15T23:05:00","date_gmt":"2021-12-15T22:05:00","guid":{"rendered":"http:\/\/www.tucomarca.com\/wordpress\/segunda\/?p=145910"},"modified":"2021-12-16T11:15:41","modified_gmt":"2021-12-16T10:15:41","slug":"el-senior-i-linfantil-del-club-handbol-bunyol-compten-els-seus-partits-per-victories","status":"publish","type":"post","link":"https:\/\/www.tucomarca.com\/wordpress\/segunda\/ca\/el-senior-i-linfantil-del-club-handbol-bunyol-compten-els-seus-partits-per-victories\/","title":{"rendered":"El s\u00e8nior i l&#8217;infantil del Club Handbol Bunyol compten els seus partits per vict\u00f2ries"},"content":{"rendered":"\n<h4 class=\"wp-block-heading\">El cadet va empatar a casa davant el Mar\u00edtim<\/h4>\n\n\n\n<p>L&#8217;equip s\u00e8nior i l&#8217;infantil del Club Handbol Bunyol van aconseguir la vict\u00f2ria en els seus respectius partits aquest cap de setmana. Per part seua, el cadet va empatar la trobada que va disputar a casa.<\/p>\n\n\n\n<p>El s\u00e8nior -en partit ajornat- es va mesurar al Quart \u00abB\u00bb, al qual es va imposar per 30 a 23. Els de Teo Pros van comen\u00e7ar molt dubitatius en defensa i aix\u00f2 es va notar al final de la primera meitat, quan els bu\u00f1olenses van marxar guanyant solament de dos punts. Ja en la represa, els de Pros van ajustar la defensa i, sobretot, es van mostrar m\u00e9s efectius en atac. Amb aquest resultat els de Bunyol es col\u00b7loquen segons en la taula i empatats a punts amb el l\u00edder.<\/p>\n\n\n\n<p>Mentrestant, l&#8217;infantil va guanyar al Burjassot a doomicilio per 18 a 32. Els bu\u00f1olenses van completar una trobada molt seriosa en el qual tots el jugadors van aportar el seu granet d&#8217;arena. Per part seua, el cadet va aconseguir un meritori empat a 33 en \u00abEl Planell\u00bb davant el Mar\u00edtim.<\/p>\n\n\n\n<p><\/p>\n","protected":false},"excerpt":{"rendered":"<div class=\"mh-excerpt\">El cadet va empatar a casa davant el Mar\u00edtim L&#8217;equip s\u00e8nior i l&#8217;infantil del Club Handbol Bunyol van aconseguir la vict\u00f2ria en els seus respectius partits aquest cap de setmana. Per part seua, el cadet <a class=\"mh-excerpt-more\" href=\"https:\/\/www.tucomarca.com\/wordpress\/segunda\/ca\/el-senior-i-linfantil-del-club-handbol-bunyol-compten-els-seus-partits-per-victories\/\" title=\"El s\u00e8nior i l&#8217;infantil del Club Handbol Bunyol compten els seus partits per vict\u00f2ries\">[+] <\/a><\/div>\n","protected":false},"author":12,"featured_media":145909,"comment_status":"open","ping_status":"open","sticky":false,"template":"","format":"standard","meta":{"footnotes":""},"categories":[10911,11003,10894,10912,11009,10896],"tags":[10913,11411,11074,10914],"class_list":{"0":"post-145910","1":"post","2":"type-post","3":"status-publish","4":"format-standard","5":"has-post-thumbnail","7":"category-bunol-ca","8":"category-sports","9":"category-la-comarca-ca","10":"category-la-hoya-ca","11":"category-polideportivo-ca","12":"category-seccion-ca","13":"tag-bunol-ca","14":"tag-club-balonmano-bunol-ca","15":"tag-deportes-ca","16":"tag-la-hoya-de-bunol-chiva-ca"},"_links":{"self":[{"href":"https:\/\/www.tucomarca.com\/wordpress\/segunda\/ca\/wp-json\/wp\/v2\/posts\/145910","targetHints":{"allow":["GET"]}}],"collection":[{"href":"https:\/\/www.tucomarca.com\/wordpress\/segunda\/ca\/wp-json\/wp\/v2\/posts"}],"about":[{"href":"https:\/\/www.tucomarca.com\/wordpress\/segunda\/ca\/wp-json\/wp\/v2\/types\/post"}],"author":[{"embeddable":true,"href":"https:\/\/www.tucomarca.com\/wordpress\/segunda\/ca\/wp-json\/wp\/v2\/users\/12"}],"replies":[{"embeddable":true,"href":"https:\/\/www.tucomarca.com\/wordpress\/segunda\/ca\/wp-json\/wp\/v2\/comments?post=145910"}],"version-history":[{"count":0,"href":"https:\/\/www.tucomarca.com\/wordpress\/segunda\/ca\/wp-json\/wp\/v2\/posts\/145910\/revisions"}],"wp:featuredmedia":[{"embeddable":true,"href":"https:\/\/www.tucomarca.com\/wordpress\/segunda\/ca\/wp-json\/wp\/v2\/media\/145909"}],"wp:attachment":[{"href":"https:\/\/www.tucomarca.com\/wordpress\/segunda\/ca\/wp-json\/wp\/v2\/media?parent=145910"}],"wp:term":[{"taxonomy":"category","embeddable":true,"href":"https:\/\/www.tucomarca.com\/wordpress\/segunda\/ca\/wp-json\/wp\/v2\/categories?post=145910"},{"taxonomy":"post_tag","embeddable":true,"href":"https:\/\/www.tucomarca.com\/wordpress\/segunda\/ca\/wp-json\/wp\/v2\/tags?post=145910"}],"curies":[{"name":"wp","href":"https:\/\/api.w.org\/{rel}","templated":true}]}}