{"id":146377,"date":"2021-12-28T09:04:00","date_gmt":"2021-12-28T08:04:00","guid":{"rendered":"http:\/\/www.tucomarca.com\/wordpress\/segunda\/?p=146377"},"modified":"2021-12-28T19:18:40","modified_gmt":"2021-12-28T18:18:40","slug":"continua-la-collaboracio-entre-lajuntament-de-xest-fepeval-i-livace-per-a-impulsar-la-creacio-duna-entitat-de-gestio-i-modernitzacio-en-els-poligons-chestanos","status":"publish","type":"post","link":"https:\/\/www.tucomarca.com\/wordpress\/segunda\/ca\/continua-la-collaboracio-entre-lajuntament-de-xest-fepeval-i-livace-per-a-impulsar-la-creacio-duna-entitat-de-gestio-i-modernitzacio-en-els-poligons-chestanos\/","title":{"rendered":"Continua la col\u00b7laboraci\u00f3 entre l&#8217;Ajuntament de Xest, Fepeval i l&#8217;IVACE per a impulsar la creaci\u00f3 d&#8217;una Entitat de Gesti\u00f3 i Modernitzaci\u00f3 en els pol\u00edgons chestanos"},"content":{"rendered":"\n<p>El passat 22 de desembre es va celebrar en la sala d&#8217;actes de la Caixa Rural una jornada sobre Entitats de Gesti\u00f3 i Modernitzaci\u00f3 (EGM) en la qual es van abordar temes relacionats amb els reptes i oportunitats de les empreses de Xest davant la nova llei d&#8217;\u00e0rees industrials, la dinamitzaci\u00f3 del teixit empresarial de Xest a trav\u00e9s de la creaci\u00f3 d&#8217;una EGM en cada \u00e0rea industrial i la Comunitat Energ\u00e8tica Local (CEL) als parcs empresarials. A m\u00e9s, es van exposar diferents programes i subvencions de l&#8217;IVACE per a empreses i parcs empresarials.\u00a0<\/p>\n\n\n\n<p>L&#8217;acte va comptar amb la pres\u00e8ncia de l&#8217;alcalde de Xest, Jos\u00e9 Morell, i de Diego Rom\u00e1, gerent de la Federaci\u00f3 de Pol\u00edgons Empresarials de la Comunitat Valenciana (Fepeval); Carlos Peinado, generen-te de ASOCREVA i vocal de la junta directiva de la Federaci\u00f3 de Parcs Empresarials de la Comunitat Valenciana; Gonzalo Lacalle, consultor de Fepeval; i Julio Delgado Espin\u00f3s, Cap de Promoci\u00f3 Industrial de l&#8217;IVACE.<\/p>\n\n\n\n<p>\u201cEl que pretenem amb aquesta jornada \u00e9s insistir amb els avantatges de les Entitats de Gesti\u00f3 i Modernitzaci\u00f3 a les quals els dona carta la llei d&#8217;\u00e0rees industrials, pionera a Espanya, que permetr\u00e0 un millor manteniment dels pol\u00edgons i millorar la coordinaci\u00f3 de les administracions p\u00fabliques amb les empreses\u201d, apuntava Morell. \u201cHem de continuar millorant els pol\u00edgons i fer un salt qualitatiu en la relaci\u00f3 entre Ajuntament i pol\u00edgon, i la llei ens est\u00e0 brindant l&#8217;oportunitat de treballar junts\u201d.<\/p>\n\n\n\n<p>Aquest model de gesti\u00f3 i la Llei 14\/2018 de gesti\u00f3, modernitzaci\u00f3 i promoci\u00f3 de les \u00e0rees industrials de la Comunitat Valenciana ja es va presentar a empreses dels pol\u00edgons de Xest el mes de juny passat en un acte que va comptar amb la pres\u00e8ncia de representants dels pol\u00edgons del municipi.<\/p>\n\n\n\n<p><strong>Entitats de gesti\u00f3 i Modernitzaci\u00f3&nbsp;<br><\/strong>La constituci\u00f3 d&#8217;una EGM suposa l&#8217;agrupaci\u00f3 de la totalitat d&#8217;empreses d&#8217;un pol\u00edgon amb capacitat per a complementar l&#8217;acci\u00f3 de les administracions p\u00fabliques i promocionar i modernitzar els parcs empresarials, desenvolupant els serveis que es precisen.&nbsp;<\/p>\n\n\n\n<p>Es tracta d&#8217;una iniciativa pionera a Espanya que est\u00e0 sent implantada en una trentena d&#8217;ajuntaments de la Comunitat Valenciana.&nbsp;<\/p>\n\n\n\n<p>Per a la seua constituci\u00f3, els parcs empresarials de Xest hauran d&#8217;acordar un conveni de col\u00b7laboraci\u00f3 entre empreses i ajuntament que haur\u00e0 de ser ratificat pel Ple i establir\u00e0 el marc de compromisos i compet\u00e8ncies entre totes dues parts en mat\u00e8ria de manteniment i conservaci\u00f3 de les estructures generals, possibilitant que la futura Entitat de Gesti\u00f3 i Modernitzaci\u00f3 Castella de Xest centre la seua activitat en la prestaci\u00f3 de serveis addicionals de valor afegit i complementaris als municipals, com a serveis de seguretat i vigil\u00e0ncia, plans d&#8217;emerg\u00e8ncia, gesti\u00f3 de recursos humans, formaci\u00f3, efici\u00e8ncia energ\u00e8tica, o serveis de correus, de guarderia, ludoteca, entre altres.<\/p>\n\n\n\n<p><\/p>\n","protected":false},"excerpt":{"rendered":"<div class=\"mh-excerpt\">El passat 22 de desembre es va celebrar en la sala d&#8217;actes de la Caixa Rural una jornada sobre Entitats de Gesti\u00f3 i Modernitzaci\u00f3 (EGM) en la qual es van abordar temes relacionats amb els <a class=\"mh-excerpt-more\" href=\"https:\/\/www.tucomarca.com\/wordpress\/segunda\/ca\/continua-la-collaboracio-entre-lajuntament-de-xest-fepeval-i-livace-per-a-impulsar-la-creacio-duna-entitat-de-gestio-i-modernitzacio-en-els-poligons-chestanos\/\" title=\"Continua la col\u00b7laboraci\u00f3 entre l&#8217;Ajuntament de Xest, Fepeval i l&#8217;IVACE per a impulsar la creaci\u00f3 d&#8217;una Entitat de Gesti\u00f3 i Modernitzaci\u00f3 en els pol\u00edgons chestanos\">[+] <\/a><\/div>\n","protected":false},"author":12,"featured_media":146376,"comment_status":"open","ping_status":"open","sticky":false,"template":"","format":"standard","meta":{"footnotes":""},"categories":[10948,10894,10912,10947,10896,10974],"tags":[11071,14990,13166,10914],"class_list":{"0":"post-146377","1":"post","2":"type-post","3":"status-publish","4":"format-standard","5":"has-post-thumbnail","7":"category-infraestructuras-ca","8":"category-la-comarca-ca","9":"category-la-hoya-ca","10":"category-politica","11":"category-seccion-ca","12":"category-cheste-ca","13":"tag-cheste","14":"tag-fepeval-ca","15":"tag-ivace-ca","16":"tag-la-hoya-de-bunol-chiva-ca"},"_links":{"self":[{"href":"https:\/\/www.tucomarca.com\/wordpress\/segunda\/ca\/wp-json\/wp\/v2\/posts\/146377","targetHints":{"allow":["GET"]}}],"collection":[{"href":"https:\/\/www.tucomarca.com\/wordpress\/segunda\/ca\/wp-json\/wp\/v2\/posts"}],"about":[{"href":"https:\/\/www.tucomarca.com\/wordpress\/segunda\/ca\/wp-json\/wp\/v2\/types\/post"}],"author":[{"embeddable":true,"href":"https:\/\/www.tucomarca.com\/wordpress\/segunda\/ca\/wp-json\/wp\/v2\/users\/12"}],"replies":[{"embeddable":true,"href":"https:\/\/www.tucomarca.com\/wordpress\/segunda\/ca\/wp-json\/wp\/v2\/comments?post=146377"}],"version-history":[{"count":0,"href":"https:\/\/www.tucomarca.com\/wordpress\/segunda\/ca\/wp-json\/wp\/v2\/posts\/146377\/revisions"}],"wp:featuredmedia":[{"embeddable":true,"href":"https:\/\/www.tucomarca.com\/wordpress\/segunda\/ca\/wp-json\/wp\/v2\/media\/146376"}],"wp:attachment":[{"href":"https:\/\/www.tucomarca.com\/wordpress\/segunda\/ca\/wp-json\/wp\/v2\/media?parent=146377"}],"wp:term":[{"taxonomy":"category","embeddable":true,"href":"https:\/\/www.tucomarca.com\/wordpress\/segunda\/ca\/wp-json\/wp\/v2\/categories?post=146377"},{"taxonomy":"post_tag","embeddable":true,"href":"https:\/\/www.tucomarca.com\/wordpress\/segunda\/ca\/wp-json\/wp\/v2\/tags?post=146377"}],"curies":[{"name":"wp","href":"https:\/\/api.w.org\/{rel}","templated":true}]}}