{"id":146515,"date":"2021-12-30T09:18:00","date_gmt":"2021-12-30T08:18:00","guid":{"rendered":"http:\/\/www.tucomarca.com\/wordpress\/segunda\/?p=146515"},"modified":"2021-12-30T21:04:24","modified_gmt":"2021-12-30T20:04:24","slug":"la-diputacio-repara-un-carrer-en-mas-del-olmo-dademuz-per-un-enfonsament","status":"publish","type":"post","link":"https:\/\/www.tucomarca.com\/wordpress\/segunda\/ca\/la-diputacio-repara-un-carrer-en-mas-del-olmo-dademuz-per-un-enfonsament\/","title":{"rendered":"La Diputaci\u00f3 repara un carrer en Mas del Olmo d&#8217;Ademuz per un enfonsament"},"content":{"rendered":"\n<h4 class=\"wp-block-heading\">L&#8217;\u00e0rea de Medi Ambient de la Diputaci\u00f3 de Val\u00e8ncia, dirigida per la vicepresidenta Maria Josep Amig\u00f3, repara d&#8217;emerg\u00e8ncia els danys ocasionats per l&#8217;enfonsament d&#8217;un mur de contenci\u00f3<\/h4>\n\n\n\n<p>L&#8217;\u00e0rea de Medi Ambient de la Diputaci\u00f3 de Val\u00e8ncia, dins de les actuacions que duu a terme per a la minimitzaci\u00f3 de riscos geol\u00f2gics, ha finalitzat la reparaci\u00f3 d&#8217;un vial en Mas del Olmo, aldea del municipi d&#8217;Ademuz.<\/p>\n\n\n\n<p>Les obres han consistit en el sanejament de la zona danyada; la construcci\u00f3 d&#8217;un mur de formig\u00f3 armat revestit amb pedra de ma\u00e7oneria; la substituci\u00f3 d&#8217;una tanca i de la xarxa de sanejament afectades per la caiguda del mur; i la pavimentaci\u00f3 del vial superior.<\/p>\n\n\n\n<p>Com explica la vicepresidenta de la Diputaci\u00f3 i responsable de l&#8217;\u00e0rea de Medi Ambient, Maria Josep Amig\u00f3, \u201cla zona d&#8217;actuaci\u00f3 se situa en l\u2019aldea de Mas del Olmo d&#8217;Ademuz, on s&#8217;havia produ\u00eft un enfonsament d&#8217;un mur de contenci\u00f3 que havia deixat part del mateix en volada amb el conseg\u00fcent perill per a vianants i per als habitatges que s&#8217;assenten al costat del carrer\u201d.<\/p>\n\n\n\n<p>Els treballs han sigut adjudicats per 26.647 euros, dels quals la Diputaci\u00f3 subvenciona el 95% amb 25.315 euros i l&#8217;Ajuntament d&#8217;Ademuz assumix el 5% restant amb 1.332 euros.<\/p>\n\n\n\n<p><\/p>\n","protected":false},"excerpt":{"rendered":"<div class=\"mh-excerpt\">L&#8217;\u00e0rea de Medi Ambient de la Diputaci\u00f3 de Val\u00e8ncia, dirigida per la vicepresidenta Maria Josep Amig\u00f3, repara d&#8217;emerg\u00e8ncia els danys ocasionats per l&#8217;enfonsament d&#8217;un mur de contenci\u00f3 L&#8217;\u00e0rea de Medi Ambient de la Diputaci\u00f3 de <a class=\"mh-excerpt-more\" href=\"https:\/\/www.tucomarca.com\/wordpress\/segunda\/ca\/la-diputacio-repara-un-carrer-en-mas-del-olmo-dademuz-per-un-enfonsament\/\" title=\"La Diputaci\u00f3 repara un carrer en Mas del Olmo d&#8217;Ademuz per un enfonsament\">[+] <\/a><\/div>\n","protected":false},"author":12,"featured_media":146514,"comment_status":"open","ping_status":"open","sticky":false,"template":"","format":"standard","meta":{"footnotes":""},"categories":[10890,10926,10898,10948,10894,10947,10896],"tags":[11097,11246,16109,12166],"class_list":{"0":"post-146515","1":"post","2":"type-post","3":"status-publish","4":"format-standard","5":"has-post-thumbnail","7":"category-ademus","8":"category-ademus-ca","9":"category-ventana-ca","10":"category-infraestructuras-ca","11":"category-la-comarca-ca","12":"category-politica","13":"category-seccion-ca","14":"tag-ademuz-ca","15":"tag-diputacio-de-valencia-ca","16":"tag-mas-del-olmo-ca","17":"tag-medio-ambiente-ca"},"_links":{"self":[{"href":"https:\/\/www.tucomarca.com\/wordpress\/segunda\/ca\/wp-json\/wp\/v2\/posts\/146515","targetHints":{"allow":["GET"]}}],"collection":[{"href":"https:\/\/www.tucomarca.com\/wordpress\/segunda\/ca\/wp-json\/wp\/v2\/posts"}],"about":[{"href":"https:\/\/www.tucomarca.com\/wordpress\/segunda\/ca\/wp-json\/wp\/v2\/types\/post"}],"author":[{"embeddable":true,"href":"https:\/\/www.tucomarca.com\/wordpress\/segunda\/ca\/wp-json\/wp\/v2\/users\/12"}],"replies":[{"embeddable":true,"href":"https:\/\/www.tucomarca.com\/wordpress\/segunda\/ca\/wp-json\/wp\/v2\/comments?post=146515"}],"version-history":[{"count":0,"href":"https:\/\/www.tucomarca.com\/wordpress\/segunda\/ca\/wp-json\/wp\/v2\/posts\/146515\/revisions"}],"wp:featuredmedia":[{"embeddable":true,"href":"https:\/\/www.tucomarca.com\/wordpress\/segunda\/ca\/wp-json\/wp\/v2\/media\/146514"}],"wp:attachment":[{"href":"https:\/\/www.tucomarca.com\/wordpress\/segunda\/ca\/wp-json\/wp\/v2\/media?parent=146515"}],"wp:term":[{"taxonomy":"category","embeddable":true,"href":"https:\/\/www.tucomarca.com\/wordpress\/segunda\/ca\/wp-json\/wp\/v2\/categories?post=146515"},{"taxonomy":"post_tag","embeddable":true,"href":"https:\/\/www.tucomarca.com\/wordpress\/segunda\/ca\/wp-json\/wp\/v2\/tags?post=146515"}],"curies":[{"name":"wp","href":"https:\/\/api.w.org\/{rel}","templated":true}]}}