{"id":146549,"date":"2021-12-30T13:00:00","date_gmt":"2021-12-30T12:00:00","guid":{"rendered":"http:\/\/www.tucomarca.com\/wordpress\/segunda\/se-registran-dos-terremotos-durante-la-pasada-noche-en-en-un-intervalo-de-cinco-horas-en-quesa-y-navarres\/"},"modified":"2021-12-30T20:51:22","modified_gmt":"2021-12-30T19:51:22","slug":"se-registran-dos-terremotos-durante-la-pasada-noche-en-en-un-intervalo-de-cinco-horas-en-quesa-y-navarres","status":"publish","type":"post","link":"https:\/\/www.tucomarca.com\/wordpress\/segunda\/ca\/se-registran-dos-terremotos-durante-la-pasada-noche-en-en-un-intervalo-de-cinco-horas-en-quesa-y-navarres\/","title":{"rendered":"Es registren dos terratr\u00e8mols durant la passada nit en en un interval de cinc hores a Quesa i Navarr\u00e9s"},"content":{"rendered":"\n<h4 class=\"wp-block-heading\">Els dos sismes es van registrar en la mateixa zona geogr\u00e0fica, La Canal de Navarr\u00e9s<\/h4>\n\n\n\n<p>L&#8217;Institut Geogr\u00e0fic Nacional ha informat de diversos moviments s\u00edsmics, registrats ahir, d&#8217;entre 1,5 i 1,7 graus de magnitud en l&#8217;escala Richter en dos municipis de la comarca de La Canal de Navarr\u00e9s.<\/p>\n\n\n\n<p>El primer es va produir aquest dimecres sobre les 20,30 hores al nord-est del terme municipal de Quesa (Canal de Navarr\u00e9s), amb una magnitud de 1,5 graus en l&#8217;escala Richter.<\/p>\n\n\n\n<p>El segon dels moviments s\u00edsmics tenia lloc sobre les 00,09 hores al nord del terme municipal de Navarr\u00e9s (Canal de Navarr\u00e9s), amb una magnitud de 1,7 graus. L&#8217;epicentre d&#8217;aquest moviment s&#8217;ha localitzat a 2 km de profunditat.<\/p>\n","protected":false},"excerpt":{"rendered":"<div class=\"mh-excerpt\">Els dos sismes es van registrar en la mateixa zona geogr\u00e0fica, La Canal de Navarr\u00e9s L&#8217;Institut Geogr\u00e0fic Nacional ha informat de diversos moviments s\u00edsmics, registrats ahir, d&#8217;entre 1,5 i 1,7 graus de magnitud en l&#8217;escala <a class=\"mh-excerpt-more\" href=\"https:\/\/www.tucomarca.com\/wordpress\/segunda\/ca\/se-registran-dos-terremotos-durante-la-pasada-noche-en-en-un-intervalo-de-cinco-horas-en-quesa-y-navarres\/\" title=\"Es registren dos terratr\u00e8mols durant la passada nit en en un interval de cinc hores a Quesa i Navarr\u00e9s\">[+] <\/a><\/div>\n","protected":false},"author":12,"featured_media":138356,"comment_status":"open","ping_status":"open","sticky":false,"template":"","format":"standard","meta":{"footnotes":""},"categories":[10898,10948,10963,10894,10903,10971,10972,10896,10897],"tags":[11094,14072,11104,16115],"class_list":{"0":"post-146549","1":"post","2":"type-post","3":"status-publish","4":"format-standard","5":"has-post-thumbnail","7":"category-ventana-ca","8":"category-infraestructuras-ca","9":"category-la-canal-de-navarres-ca","10":"category-la-comarca-ca","11":"category-medio-ambiente-la-comarca-ca","12":"category-navarres-ca","13":"category-quesa-ca","14":"category-seccion-ca","15":"category-sucesos-la-comarca-ca","16":"tag-la-canal-de-navarres","17":"tag-navarres-ca","18":"tag-quesa-ca","19":"tag-terremotos-ca"},"_links":{"self":[{"href":"https:\/\/www.tucomarca.com\/wordpress\/segunda\/ca\/wp-json\/wp\/v2\/posts\/146549","targetHints":{"allow":["GET"]}}],"collection":[{"href":"https:\/\/www.tucomarca.com\/wordpress\/segunda\/ca\/wp-json\/wp\/v2\/posts"}],"about":[{"href":"https:\/\/www.tucomarca.com\/wordpress\/segunda\/ca\/wp-json\/wp\/v2\/types\/post"}],"author":[{"embeddable":true,"href":"https:\/\/www.tucomarca.com\/wordpress\/segunda\/ca\/wp-json\/wp\/v2\/users\/12"}],"replies":[{"embeddable":true,"href":"https:\/\/www.tucomarca.com\/wordpress\/segunda\/ca\/wp-json\/wp\/v2\/comments?post=146549"}],"version-history":[{"count":0,"href":"https:\/\/www.tucomarca.com\/wordpress\/segunda\/ca\/wp-json\/wp\/v2\/posts\/146549\/revisions"}],"wp:featuredmedia":[{"embeddable":true,"href":"https:\/\/www.tucomarca.com\/wordpress\/segunda\/ca\/wp-json\/wp\/v2\/media\/138356"}],"wp:attachment":[{"href":"https:\/\/www.tucomarca.com\/wordpress\/segunda\/ca\/wp-json\/wp\/v2\/media?parent=146549"}],"wp:term":[{"taxonomy":"category","embeddable":true,"href":"https:\/\/www.tucomarca.com\/wordpress\/segunda\/ca\/wp-json\/wp\/v2\/categories?post=146549"},{"taxonomy":"post_tag","embeddable":true,"href":"https:\/\/www.tucomarca.com\/wordpress\/segunda\/ca\/wp-json\/wp\/v2\/tags?post=146549"}],"curies":[{"name":"wp","href":"https:\/\/api.w.org\/{rel}","templated":true}]}}