{"id":146629,"date":"2022-01-04T10:55:00","date_gmt":"2022-01-04T09:55:00","guid":{"rendered":"http:\/\/www.tucomarca.com\/wordpress\/segunda\/?p=146629"},"modified":"2022-01-04T17:29:32","modified_gmt":"2022-01-04T16:29:32","slug":"opinio-a-boca-de-cano-per-joseh-larrazabal-4","status":"publish","type":"post","link":"https:\/\/www.tucomarca.com\/wordpress\/segunda\/ca\/opinio-a-boca-de-cano-per-joseh-larrazabal-4\/","title":{"rendered":"Opini\u00f3: &#8220;A boca de can\u00f3&#8221;, per J\u00f3seh Larraz\u00e1bal"},"content":{"rendered":"\n<figure class=\"wp-block-image size-large is-resized\"><img loading=\"lazy\" decoding=\"async\" src=\"http:\/\/www.tucomarca.com\/wordpress\/segunda\/wp-content\/uploads\/2021\/07\/JoseLarrazabal-1024x1024.jpg\" alt=\"\" class=\"wp-image-136627\" width=\"140\" height=\"140\" srcset=\"https:\/\/www.tucomarca.com\/wordpress\/segunda\/wp-content\/uploads\/2021\/07\/JoseLarrazabal-1024x1024.jpg 1024w, https:\/\/www.tucomarca.com\/wordpress\/segunda\/wp-content\/uploads\/2021\/07\/JoseLarrazabal-300x300.jpg 300w, https:\/\/www.tucomarca.com\/wordpress\/segunda\/wp-content\/uploads\/2021\/07\/JoseLarrazabal-290x290.jpg 290w, https:\/\/www.tucomarca.com\/wordpress\/segunda\/wp-content\/uploads\/2021\/07\/JoseLarrazabal-768x768.jpg 768w, https:\/\/www.tucomarca.com\/wordpress\/segunda\/wp-content\/uploads\/2021\/07\/JoseLarrazabal.jpg 1086w\" sizes=\"auto, (max-width: 140px) 100vw, 140px\" \/><\/figure>\n\n\n\n<p>&#8220;Sempre ho he dit, em vaig anar al Manchester per a tornar el dia de dem\u00e0 a un dels grans clubs d&#8217;Espanya.&#8221;<br>Al marge de l&#8217;oportunitat o no d&#8217;aquesta frase, crec que Ferr\u00e1n li la podia haver estalviat, vull analitzar alguns aspectes d&#8217;ella. Encara que no soc ac\u00ed per a jutjar ni a Ferr\u00e1n ni a ning\u00fa.<br>En primer lloc, la frase de Ferr\u00e1n no va dirigida a l&#8217;Afici\u00f3 del Val\u00e8ncia cf, desorientada i poc centrada en aquests temps que corren, crec que no va dirigida a ning\u00fa especialment excepte al Barcelona i el seu entorn.<br>Si alg\u00fa pensa que va dirigida al Vcf \u00e9s perqu\u00e8, una vegada m\u00e9s, s&#8217;equivoca com a aficionat del vcf.<br>A Ferr\u00e1n Torres, hui dia, el vcf i la seua afici\u00f3 li la porta al pairo i si a alg\u00fa d&#8217;aqueix club li ha d&#8217;esguitar \u00e9s a Peter Lim i el seu entorn.<br>Ells, i no l&#8217;Afici\u00f3 del vcf fur els que, donat l&#8217;inexistent projecte esportiu del vcf i la inexistent &#8220;temptadora oferta del vcf,&#8221; li van obrir les portes per a eixir sense haver-li donat temps a triomfar del vcf.<br>Si alguna cosa ha Ferr\u00e1n de retraure a una part de la manipulada afici\u00f3 del vcf \u00e9s que sense an\u00e0lisi, sense objectivitat, i sense educaci\u00f3 cap, s&#8217;han dedicat, i segueixen, a insultar a un jugador que es va anar, per falta de motius econ\u00f2mics i esportius per a quedar-se ac\u00ed, a un dels millors clubs del m\u00f3n a la recerca de majors fites esportives.<br>Ferr\u00e1n Torres, cal recordar-lo, ha guanyat en any i mig, 1 Premier, 1 Copa d&#8217;Anglaterra ha jugat 1 final de Champions amb el Manchester City i ha sigut 22 vegades internacional.<br>A m\u00e9s ha guanyat un munt de pasta, licite perqu\u00e8 per a aix\u00f2 \u00e9s professional del futbol i t\u00e9 uns representants esportius que s\u00f3n els qui li marquen el cam\u00ed.<br>Si Lim o Merit\u00f3n, com vds preferisquen, haguera volgut que Torres es quedara en el vcf nom\u00e9s havia d&#8217;haver-li oferit un contracte amb la duraci\u00f3, nivell econ\u00f2mic, i projecte esportiu concordes amb la v\u00e0lua del jugador.<br>Cap d&#8217;aqueixes premisses es van complir i Ferr\u00e1n va marxar al City com haguera fet qualsevol jugador professional de futbol.<br>El City si va voler a Ferr\u00e1n i per aix\u00f2 va posar tot el que havia de posar per a tancar el seu fitxatge.<br>A saber: projecte esportiu d&#8217;equip campi\u00f3, nivell econ\u00f2mic a l&#8217;altura d&#8217;un jugador que amb 19 anys prometia i promet, ser un dels millors extrems d&#8217;Europa i a m\u00e9s amb versatilitat.<br>Va tindre la culpa el City que es fora del vcf? NO.<br>El City volia fitxar-ho i va fer el que havia de fer.<br>Va tindre la culpa Ferr\u00e1n? NO.<br>Ferr\u00e1n va rebre una oferta il\u00b7lusionant d&#8217;un dels millors clubs d&#8217;Europa, entrenat per un dels millors del M\u00f3n, Pep Guardiola, i a m\u00e9s amb un projecte esportiu molt ambici\u00f3s que inclo\u00efa lluitar per Premiers, Copes, Champions i tot el que es pose a tir. Acompanyat a m\u00e9s per una oferta econ\u00f2mica que duplicava o triplicava la que li oferia el vcf de Lim.<br>Cal recordar que el City \u00e9s l&#8217;equip que m\u00e9s lligues angleses ha guanyat en els \u00faltims temps i a m\u00e9s ha estat molt present en Champions league, arribant a disputar 2 finals, almenys 1 d&#8217;elles molt recent, anem, l&#8217;any passat.<br>Si alguns dels quals insulten a Ferr\u00e1n tingueren una mica de sensatesa, sentit com\u00fa, a m\u00e9s d&#8217;altres coses, entre elles educaci\u00f3, serien conscients que l&#8217;\u00fanica &#8220;rata&#8221; que existeix en el vcf t\u00e9 un altre nom per\u00f2 per descomptat no \u00e9s Ferr\u00e1n Torres.<br>S&#8217;adonarien que fan el rid\u00edcul.<br>S&#8217;adonarien que Ferr\u00e1n es va anar a buscar en el City i en la Premier el que a Val\u00e8ncia no li donaven, i per descomptat s&#8217;haurien d&#8217;adonar que el culpable de l&#8217;eixida de Ferr\u00e1n del vcf no va ser el mateix Ferr\u00e1n sin\u00f3 Peter Lim, i que contra aquest i no contra uns altres \u00e9s contra qui cal arremetre.<br>Ferr\u00e1n no s&#8217;ha referit al vcf ni ha la seua afici\u00f3 amb la frase amb la qual encap\u00e7alem aquesta columna. A Ferran el vcf i el seu entorn li la porta al pairo aquest vcf de Lim, i no ha al seu cap m\u00e9s de triomfar al Barcelona.<br>Un Barcelona que est\u00e0 reconstruint un equip que donar\u00e0 que parlar. Un Barcelona que est\u00e0 conformant amb els grans jugadors que han eixit de la pedrera i que ja s\u00f3n internacionals, juntament amb els il\u00b7lustre veterans i el mateix Ferr\u00e1n, m\u00e9s els que han d&#8217;arribar, un equip de somni.<br>El Bar\u00e7a ha tornat, i treballa per a tornar a estar en el m\u00e9s alt de les competicions, \u00e9s a dir per a guanyar t\u00edtols.<br>No s&#8217;equivoca el Barcelona amb Ferran ni Ferr\u00e1n amb el Barcelona.<br>Un club amb gen guanyador, cultura d&#8217;equip gran, i obligaci\u00f3 d&#8217;eixir cada any a barallar per tots els t\u00edtols, Els sona?.<br>Molts, en comptes de criticar i insultar greument a Ferr\u00e1n deurien, reflexionar, mirar-se el melic i criticar i insultar ( no soc partidari d&#8217;aix\u00f2 \u00faltim) a qui realment s&#8217;ho mereix, que no \u00e9s un altre que Peter Lim.<br>\u00c0nim Ferr\u00e1n, has fet el que hauries de fer com a professional i com a Valencianista, i dic Valencianista, no membre d&#8217;aquest Val\u00e8ncia de Lim.<br>Et felicite pel gran pas avant que has donat en la teua carrera i et desitge el millor.<br>Ull que en breu arriben Gay\u00e1 i Soler\u2026<br>Tamb\u00e9 els diran &#8220;rates,&#8221; pallassos i tra\u00efdors si es van d&#8217;aquest Val\u00e8ncia de Lim sense projecte esportiu i on, com a professionals, estan cobrant menys del que podrien cobrar en la Premier, a Alemanya o en un d&#8217;aqueixos equips veritablement grans d&#8217;Europa, inclosa Espanya?.<br>El primer perqu\u00e8 un club cresca \u00e9s tindre una afici\u00f3 intel\u00b7ligent, ambiciosa, cr\u00edtica i exigent, aix\u00ed com valenta, decidida i lluitadora.<br>La t\u00e9 el Val\u00e8ncia club de Futbol?<\/p>\n\n\n\n<p>J\u00f3seh Larraz\u00e1bal.<\/p>\n","protected":false},"excerpt":{"rendered":"<div class=\"mh-excerpt\">&#8220;Sempre ho he dit, em vaig anar al Manchester per a tornar el dia de dem\u00e0 a un dels grans clubs d&#8217;Espanya.&#8221;Al marge de l&#8217;oportunitat o no d&#8217;aquesta frase, crec que Ferr\u00e1n li la podia <a class=\"mh-excerpt-more\" href=\"https:\/\/www.tucomarca.com\/wordpress\/segunda\/ca\/opinio-a-boca-de-cano-per-joseh-larrazabal-4\/\" title=\"Opini\u00f3: &#8220;A boca de can\u00f3&#8221;, per J\u00f3seh Larraz\u00e1bal\">[+] <\/a><\/div>\n","protected":false},"author":1,"featured_media":136628,"comment_status":"open","ping_status":"open","sticky":false,"template":"","format":"standard","meta":{"footnotes":""},"categories":[10911,11014,11003,10904,10912,11020,11021,10896],"tags":[15481,10914,12606,15380],"class_list":{"0":"post-146629","1":"post","2":"type-post","3":"status-publish","4":"format-standard","5":"has-post-thumbnail","7":"category-bunol-ca","8":"category-canal-valencia-cf-ca","9":"category-sports","10":"category-sin-categorizar-ca","11":"category-la-hoya-ca","12":"category-opinion-ca","13":"category-opinion-ca-2","14":"category-seccion-ca","15":"tag-joseh-larrazabal-ca","16":"tag-la-hoya-de-bunol-chiva-ca","17":"tag-valencia-cf-ca","18":"tag-vcf-ca"},"_links":{"self":[{"href":"https:\/\/www.tucomarca.com\/wordpress\/segunda\/ca\/wp-json\/wp\/v2\/posts\/146629","targetHints":{"allow":["GET"]}}],"collection":[{"href":"https:\/\/www.tucomarca.com\/wordpress\/segunda\/ca\/wp-json\/wp\/v2\/posts"}],"about":[{"href":"https:\/\/www.tucomarca.com\/wordpress\/segunda\/ca\/wp-json\/wp\/v2\/types\/post"}],"author":[{"embeddable":true,"href":"https:\/\/www.tucomarca.com\/wordpress\/segunda\/ca\/wp-json\/wp\/v2\/users\/1"}],"replies":[{"embeddable":true,"href":"https:\/\/www.tucomarca.com\/wordpress\/segunda\/ca\/wp-json\/wp\/v2\/comments?post=146629"}],"version-history":[{"count":0,"href":"https:\/\/www.tucomarca.com\/wordpress\/segunda\/ca\/wp-json\/wp\/v2\/posts\/146629\/revisions"}],"wp:featuredmedia":[{"embeddable":true,"href":"https:\/\/www.tucomarca.com\/wordpress\/segunda\/ca\/wp-json\/wp\/v2\/media\/136628"}],"wp:attachment":[{"href":"https:\/\/www.tucomarca.com\/wordpress\/segunda\/ca\/wp-json\/wp\/v2\/media?parent=146629"}],"wp:term":[{"taxonomy":"category","embeddable":true,"href":"https:\/\/www.tucomarca.com\/wordpress\/segunda\/ca\/wp-json\/wp\/v2\/categories?post=146629"},{"taxonomy":"post_tag","embeddable":true,"href":"https:\/\/www.tucomarca.com\/wordpress\/segunda\/ca\/wp-json\/wp\/v2\/tags?post=146629"}],"curies":[{"name":"wp","href":"https:\/\/api.w.org\/{rel}","templated":true}]}}