{"id":146640,"date":"2022-01-04T18:30:00","date_gmt":"2022-01-04T17:30:00","guid":{"rendered":"http:\/\/www.tucomarca.com\/wordpress\/segunda\/?p=146640"},"modified":"2022-01-05T11:59:05","modified_gmt":"2022-01-05T10:59:05","slug":"la-superficie-agraria-en-2021-va-baixar-2-047-hectarees-a-la-comunitat-valenciana-i-va-pujar-4-535-en-espana","status":"publish","type":"post","link":"https:\/\/www.tucomarca.com\/wordpress\/segunda\/ca\/la-superficie-agraria-en-2021-va-baixar-2-047-hectarees-a-la-comunitat-valenciana-i-va-pujar-4-535-en-espana\/","title":{"rendered":"La superf\u00edcie agr\u00e0ria en 2021 va baixar 2.047 hect\u00e0rees a la Comunitat Valenciana i va pujar 4.535 en Espa\u00f1a"},"content":{"rendered":"\n<p>L&#8217;Associaci\u00f3 Valenciana d&#8217;Agricultors (AVA<em>&#8211;<\/em>ASAJA) den\u00fancia, a partir de les dades preliminars de l&#8217;enquesta ESYRCE del Ministeri d&#8217;Agricultura, que en 2021 la superf\u00edcie agr\u00edcola de la Comunitat Valenciana va retrocedir 2.047 hect\u00e0rees, la qual cosa suposa un descens del 1,26% respecte a l&#8217;any anterior. En total, les terres deixades de conrear ja ascendeixen a 164.949 hect\u00e0rees, \u00e9s a dir, una de cada cinc, i mantenen la Comunitat Valenciana com el \u201cfanalet vermell\u201d cada vegada m\u00e9s destacat a nivell nacional i molt possiblement a Europa.<br>AVA-ASAJA tamb\u00e9 posa de manifest que, mentre l&#8217;agricultura valenciana va continuar perdent terreny en 2021, per contra, en el conjunt d&#8217;Espanya va augmentar en 4.535 hect\u00e0rees les seves terres productives, la qual cosa llan\u00e7a un increment anual del 0,44%. La superf\u00edcie agr\u00edcola erma ascendeix a 1.022.999 hect\u00e0rees, de les quals el 16% corresponen a la Comunitat Valenciana. Entre les comunitats que han millorat els seus registres destaquen Castella-la Manxa (+2,50%), Murcia (+2,41%), Castella i Lle\u00f3 (+1,72%) o Arag\u00f3 (+0,64%).<br>El president de AVA-ASAJA, Crist\u00f3bal Aguado, lamenta que \u201cla taca marr\u00f3 continua imparable a causa de les pseudopol\u00edtiques de les diferents administracions que no donen resposta als problemes reals dels agricultors i ramaders. I aquesta falta de solucions s&#8217;accentua encara m\u00e9s en l&#8217;agricultura valenciana, una de les m\u00e9s antigues d&#8217;Europa, i en els cultius mediterranis, discriminats sistem\u00e0ticament enfront dels continentals\u201d. Informa, <strong>Luis Ib\u00e1\u00f1ez<\/strong>.<\/p>\n","protected":false},"excerpt":{"rendered":"<div class=\"mh-excerpt\">L&#8217;Associaci\u00f3 Valenciana d&#8217;Agricultors (AVA&#8211;ASAJA) den\u00fancia, a partir de les dades preliminars de l&#8217;enquesta ESYRCE del Ministeri d&#8217;Agricultura, que en 2021 la superf\u00edcie agr\u00edcola de la Comunitat Valenciana va retrocedir 2.047 hect\u00e0rees, la qual cosa suposa <a class=\"mh-excerpt-more\" href=\"https:\/\/www.tucomarca.com\/wordpress\/segunda\/ca\/la-superficie-agraria-en-2021-va-baixar-2-047-hectarees-a-la-comunitat-valenciana-i-va-pujar-4-535-en-espana\/\" title=\"La superf\u00edcie agr\u00e0ria en 2021 va baixar 2.047 hect\u00e0rees a la Comunitat Valenciana i va pujar 4.535 en Espa\u00f1a\">[+] <\/a><\/div>\n","protected":false},"author":1,"featured_media":146638,"comment_status":"open","ping_status":"open","sticky":false,"template":"","format":"standard","meta":{"footnotes":""},"categories":[10890,10905,11046,10898,10948,10963,10894,10904,10903,10909,10896],"tags":[11309,10910],"class_list":{"0":"post-146640","1":"post","2":"type-post","3":"status-publish","4":"format-standard","5":"has-post-thumbnail","7":"category-ademus","8":"category-agricultura-la-comarca-ca","9":"category-los-serranos-ca","10":"category-ventana-ca","11":"category-infraestructuras-ca","12":"category-la-canal-de-navarres-ca","13":"category-la-comarca-ca","14":"category-sin-categorizar-ca","15":"category-medio-ambiente-la-comarca-ca","16":"category-requena-utiel-ca","17":"category-seccion-ca","18":"tag-agricultura-ca","19":"tag-requena-utiel-ca"},"_links":{"self":[{"href":"https:\/\/www.tucomarca.com\/wordpress\/segunda\/ca\/wp-json\/wp\/v2\/posts\/146640","targetHints":{"allow":["GET"]}}],"collection":[{"href":"https:\/\/www.tucomarca.com\/wordpress\/segunda\/ca\/wp-json\/wp\/v2\/posts"}],"about":[{"href":"https:\/\/www.tucomarca.com\/wordpress\/segunda\/ca\/wp-json\/wp\/v2\/types\/post"}],"author":[{"embeddable":true,"href":"https:\/\/www.tucomarca.com\/wordpress\/segunda\/ca\/wp-json\/wp\/v2\/users\/1"}],"replies":[{"embeddable":true,"href":"https:\/\/www.tucomarca.com\/wordpress\/segunda\/ca\/wp-json\/wp\/v2\/comments?post=146640"}],"version-history":[{"count":0,"href":"https:\/\/www.tucomarca.com\/wordpress\/segunda\/ca\/wp-json\/wp\/v2\/posts\/146640\/revisions"}],"wp:featuredmedia":[{"embeddable":true,"href":"https:\/\/www.tucomarca.com\/wordpress\/segunda\/ca\/wp-json\/wp\/v2\/media\/146638"}],"wp:attachment":[{"href":"https:\/\/www.tucomarca.com\/wordpress\/segunda\/ca\/wp-json\/wp\/v2\/media?parent=146640"}],"wp:term":[{"taxonomy":"category","embeddable":true,"href":"https:\/\/www.tucomarca.com\/wordpress\/segunda\/ca\/wp-json\/wp\/v2\/categories?post=146640"},{"taxonomy":"post_tag","embeddable":true,"href":"https:\/\/www.tucomarca.com\/wordpress\/segunda\/ca\/wp-json\/wp\/v2\/tags?post=146640"}],"curies":[{"name":"wp","href":"https:\/\/api.w.org\/{rel}","templated":true}]}}