{"id":146812,"date":"2022-01-09T17:08:00","date_gmt":"2022-01-09T16:08:00","guid":{"rendered":"http:\/\/www.tucomarca.com\/wordpress\/segunda\/?p=146812"},"modified":"2022-01-10T15:49:35","modified_gmt":"2022-01-10T14:49:35","slug":"riba-roja-de-turia-rebaixa-del-081-al-077-els-impostos-als-agricultors-per-a-palliar-els-danys-de-la-dana-de-setembre-passat","status":"publish","type":"post","link":"https:\/\/www.tucomarca.com\/wordpress\/segunda\/ca\/riba-roja-de-turia-rebaixa-del-081-al-077-els-impostos-als-agricultors-per-a-palliar-els-danys-de-la-dana-de-setembre-passat\/","title":{"rendered":"Riba-roja de T\u00faria rebaixa del 0\u201981 al 0\u201977% els impostos als agricultors per a pal\u00b7liar els danys de la DANA de setembre passat"},"content":{"rendered":"\n<h4 class=\"wp-block-heading\">El ple aprova per unanimitat una proposta del govern local&nbsp;<\/h4>\n\n\n\n<p>L&#8217;Ajuntament de Riba-roja de T\u00faria ha aprovat una reducci\u00f3 de l&#8217;impost de b\u00e9ns immobles (IBI) r\u00fastic de fins a un 5% en total per als agricultors de la localitat en passar d&#8217;un gravamen aplicable del 0\u201981 que es venia tipificant fins a l&#8217;actualitat als 0\u201977 que es posar\u00e0 en marxa des de de ara. La mesura suposar\u00e0 una reducci\u00f3 estimada d&#8217;uns 18.000 euros per a les arques municipals.&nbsp;<\/p>\n\n\n\n<p>La proposta de la Delegaci\u00f3 d&#8217;Hisenda de Riba-roja de T\u00faria ha comptat amb el suport un\u00e0nime dels partits pol\u00edtics amb representaci\u00f3 en el ple municipal, \u00e9s a dir, el PSPV com a formaci\u00f3 impulsora de la mesura m\u00e9s el Partit Popular, Ciutadans, Esquerra Unida, Comprom\u00eds, Podemos Riba-roja Pot i, finalment, Vox. La rebaixa tindr\u00e0 efectes en el rebut de la pr\u00f2xima anualitat.&nbsp;<\/p>\n\n\n\n<p>La reducci\u00f3 del citat impost r\u00fastic es pren per a pal\u00b7liar els efectes adversos que la passada Depressi\u00f3 A\u00efllada en Nivells Alts (DANA) que va oc\u00f3rrer en el mes de setembre passat sobre els camps i les collites que tenen els agricultors de Riba-roja de T\u00faria al llarg de tot el terme municipal. Amb aquesta mesura, es pret\u00e9n alleujar de manera substancial les economies dels propietaris dels terrenys.&nbsp;<\/p>\n\n\n\n<p>D&#8217;aquesta manera, les arques municipals de Riba-roja de T\u00faria veuran minvats en els citats 18.000 euros el nivell d&#8217;ingressos ordinaris per l&#8217;IBI r\u00fastic despr\u00e9s de l&#8217;aprovaci\u00f3 d&#8217;aquesta reducci\u00f3. Amb aquestes dades, el nivell d&#8217;ingressos d&#8217;aquest impost municipal passar\u00e0 d&#8217;una recaptaci\u00f3 pr\u00f2xima als 164.000 euros a una altra d&#8217;uns 146.000 euros que, no obstant aix\u00f2, no significar\u00e0 un descens en el nivell dels serveis p\u00fablics.&nbsp;<\/p>\n\n\n\n<p>El descens d&#8217;aquest impost que grava les propietats r\u00fastiques de la localitat s&#8217;ha pres pr\u00e8via elevaci\u00f3 de la proposta a consulta p\u00fablica de manera que es recaptara l&#8217;opini\u00f3 dels subjectes implicats en el sector afectat per la mateixa i, a m\u00e9s, en consens amb les organitzacions agr\u00e0ries m\u00e9s representatives del municipi. La reducci\u00f3 compta, a m\u00e9s, amb el benepl\u00e0cit dels informes t\u00e8cnics pertinents, com el de la tresoreria municipal i el sotssecretari.&nbsp;<\/p>\n\n\n\n<p>L&#8217;equip de govern del PSPV de Riba-roja de T\u00faria ha destacat que la pressi\u00f3 fiscal sobre els contribuents s&#8217;ha redu\u00eft de manera notable en aquest per\u00edode de temps en fins a un 18\u20195%, aix\u00ed com amb les taxes municipals aplicables existents. Especialment, aquesta disminuci\u00f3 del nivell impositiu s&#8217;ha centrat en afavorir el teixit industrial, empresarial, emprenedors i els xicotets comer\u00e7os.&nbsp;<\/p>\n\n\n\n<p>D&#8217;aquesta manera, les disminucions dels impostos aplicats per l&#8217;equip de govern de Riba-roja de T\u00faria oscil\u00b7len entre una mitjana del 8% en l&#8217;impost sobre l&#8217;increment de les plusv\u00e0lues o un 34% en l&#8217;impost d&#8217;activitats econ\u00f2miques. En l&#8217;impost de vehicles de tracci\u00f3 mec\u00e0nica la mitjana aconsegueix el 19% mentre que l&#8217;impost de construccions i obres se situa en una reducci\u00f3 del 17% i altres 15% en l&#8217;impost de b\u00e9ns immobles.&nbsp;<\/p>\n\n\n\n<p>Precisament, l&#8217;IBI urb\u00e0 ha passat de tindre un coeficient del 0\u201962% corresponent a l&#8217;any 2015 a l&#8217;actual fixat en el 0\u201947% en total. L&#8217;impost actual contrasta amb els grav\u00e0mens que es van aplicar en el per\u00edode existent entre els anys 2007 i 2012 quan els habitatges habituals van passar del 0\u20195 al 0\u2019748%, \u00e9s a dir, un augment de fins al 46% sobre el total.&nbsp;<\/p>\n\n\n\n<p>Finalment, cal destacar la reducci\u00f3 experimentada al parc m\u00f2bil, especialment sobre els camions de gran tonatge el sistema impositiu del qual ha passat de pagar 150 a 83\u20193 euros, \u00e9s a dir, un 45% sobre els vehicles amb pesos d&#8217;entre 1.000 i 2.999 quilos en total. Els que pesen entre 2.999 i 9.999 han passat de pagar 210 a 118 euros en total, un 44% menys. D&#8217;aquesta manera, el parc m\u00f2bil ha passat de tindre 1.896 vehicles a quasi 3.000 de l&#8217;actualitat.&nbsp;<\/p>\n\n\n\n<p>L&#8217;alcalde de Riba-roja de T\u00faria, Robert Raga, ha destacat la import\u00e0ncia \u201cde fer costat a tots els nostres agricultors que en el seu dia a dia realitzen una labor encomiable en la cura i treball dels seus camps i propietats i, per aix\u00f2, des de l&#8217;ajuntament aportem la nostra part perqu\u00e8 puguen suportar millor la seua situaci\u00f3 despr\u00e9s de les conseq\u00fc\u00e8ncies del passat mes de setembre\u201d.<\/p>\n\n\n\n<p><\/p>\n","protected":false},"excerpt":{"rendered":"<div class=\"mh-excerpt\">El ple aprova per unanimitat una proposta del govern local&nbsp; L&#8217;Ajuntament de Riba-roja de T\u00faria ha aprovat una reducci\u00f3 de l&#8217;impost de b\u00e9ns immobles (IBI) r\u00fastic de fins a un 5% en total per als <a class=\"mh-excerpt-more\" href=\"https:\/\/www.tucomarca.com\/wordpress\/segunda\/ca\/riba-roja-de-turia-rebaixa-del-081-al-077-els-impostos-als-agricultors-per-a-palliar-els-danys-de-la-dana-de-setembre-passat\/\" title=\"Riba-roja de T\u00faria rebaixa del 0\u201981 al 0\u201977% els impostos als agricultors per a pal\u00b7liar els danys de la DANA de setembre passat\">[+] <\/a><\/div>\n","protected":false},"author":12,"featured_media":146811,"comment_status":"open","ping_status":"open","sticky":false,"template":"","format":"standard","meta":{"footnotes":""},"categories":[10892,10948,10894,10947,10906,10896],"tags":[10899,15409,16137,15024],"class_list":{"0":"post-146812","1":"post","2":"type-post","3":"status-publish","4":"format-standard","5":"has-post-thumbnail","7":"category-camp-de-turia-ca","8":"category-infraestructuras-ca","9":"category-la-comarca-ca","10":"category-politica","11":"category-riba-roja-ca","12":"category-seccion-ca","13":"tag-camp-de-turia-ca","14":"tag-dana-2-ca","15":"tag-ibi-ca","16":"tag-riba-roja-de-turia-ca"},"_links":{"self":[{"href":"https:\/\/www.tucomarca.com\/wordpress\/segunda\/ca\/wp-json\/wp\/v2\/posts\/146812","targetHints":{"allow":["GET"]}}],"collection":[{"href":"https:\/\/www.tucomarca.com\/wordpress\/segunda\/ca\/wp-json\/wp\/v2\/posts"}],"about":[{"href":"https:\/\/www.tucomarca.com\/wordpress\/segunda\/ca\/wp-json\/wp\/v2\/types\/post"}],"author":[{"embeddable":true,"href":"https:\/\/www.tucomarca.com\/wordpress\/segunda\/ca\/wp-json\/wp\/v2\/users\/12"}],"replies":[{"embeddable":true,"href":"https:\/\/www.tucomarca.com\/wordpress\/segunda\/ca\/wp-json\/wp\/v2\/comments?post=146812"}],"version-history":[{"count":0,"href":"https:\/\/www.tucomarca.com\/wordpress\/segunda\/ca\/wp-json\/wp\/v2\/posts\/146812\/revisions"}],"wp:featuredmedia":[{"embeddable":true,"href":"https:\/\/www.tucomarca.com\/wordpress\/segunda\/ca\/wp-json\/wp\/v2\/media\/146811"}],"wp:attachment":[{"href":"https:\/\/www.tucomarca.com\/wordpress\/segunda\/ca\/wp-json\/wp\/v2\/media?parent=146812"}],"wp:term":[{"taxonomy":"category","embeddable":true,"href":"https:\/\/www.tucomarca.com\/wordpress\/segunda\/ca\/wp-json\/wp\/v2\/categories?post=146812"},{"taxonomy":"post_tag","embeddable":true,"href":"https:\/\/www.tucomarca.com\/wordpress\/segunda\/ca\/wp-json\/wp\/v2\/tags?post=146812"}],"curies":[{"name":"wp","href":"https:\/\/api.w.org\/{rel}","templated":true}]}}