{"id":146842,"date":"2022-01-10T18:30:00","date_gmt":"2022-01-10T17:30:00","guid":{"rendered":"http:\/\/www.tucomarca.com\/wordpress\/segunda\/?p=146842"},"modified":"2022-01-10T20:08:18","modified_gmt":"2022-01-10T19:08:18","slug":"sanitat-notifica-29-347-nous-casos-de-coronavirus-22-defuncions-i-12-066-altes-en-la-comunitat-valenciana","status":"publish","type":"post","link":"https:\/\/www.tucomarca.com\/wordpress\/segunda\/ca\/sanitat-notifica-29-347-nous-casos-de-coronavirus-22-defuncions-i-12-066-altes-en-la-comunitat-valenciana\/","title":{"rendered":"Sanitat notifica 29.347 nous casos de coronavirus, 22 defuncions i 12.066 altes en la Comunitat Valenciana"},"content":{"rendered":"\n<p><strong>Per prov\u00edncies, s&#8217;han notificat 3.632 nous casos a Castell\u00f3, 11.014 a Alacant i 14.701 a Val\u00e8ncia<\/strong><\/p>\n\n\n\n<p><strong>Els hospitals valencians tenen 1.374 persones ingressades, 201 d&#8217;elles en l&#8217;UCI<\/strong><\/p>\n\n\n\n<p>La Conselleria de Sanitat Universal i Salut P\u00fablica ha notificat un total de 29.347 nous casos de coronavirus confirmats per prova *PCR o a trav\u00e9s de test d&#8217;ant\u00edgens. Amb aquesta actualitzaci\u00f3, la xifra total de positius se situa en 742.333 persones.<\/p>\n\n\n\n<p>Els nous casos per prov\u00edncies s\u00f3n 3.632 a Castell\u00f3 (84.128 en total); 11.014 a Alacant (268.146), i 14.701 a Val\u00e8ncia (390.058). La xifra de casos no assignats se situa en 1, ja que s&#8217;han reassignat dos casos a la prov\u00edncia de Val\u00e8ncia.<\/p>\n\n\n\n<p>D&#8217;altra banda, s&#8217;han registrat 12.066 altes a pacients amb coronavirus. D&#8217;aquesta manera, el nombre de persones que han superat la malaltia des que va comen\u00e7ar la pand\u00e8mia en la Comunitat Valenciana ascendeix a 621.316 persones. Per prov\u00edncies, les altes es distribueixen aix\u00ed: 69.550 a Castell\u00f3, 223.716 a Alacant i 327.994 a Val\u00e8ncia. El total d&#8217;altes no assignades es mant\u00e9 en 56.<\/p>\n\n\n\n<p>Els hospitals valencians tenen, actualment, 1.374 persones ingressades, 201 d&#8217;elles en l&#8217;UCI: 202 a la prov\u00edncia de Castell\u00f3, 27 en UCI; 458 a la prov\u00edncia d&#8217;Alacant, 70 d&#8217;elles en l&#8217;UCI; i 714 a la prov\u00edncia de Val\u00e8ncia, 104 en UCI.<\/p>\n\n\n\n<p>S&#8217;han notificat 22 defuncions per coronavirus des de l&#8217;\u00faltima actualitzaci\u00f3. Es tracta de persones mortes al llarg de la setmana passada i notificades despr\u00e9s de l&#8217;actualitzaci\u00f3 del divendres 7. El total de decessos des de l&#8217;inici de la pand\u00e8mia ascendeix a 8.219: 928 a la prov\u00edncia de Castell\u00f3, 3.161 en la d&#8217;Alacant i 4.130 en la de Val\u00e8ncia. S\u00f3n 12 dones, d&#8217;entre 37 i 93 anys, i 10 homes, d&#8217;entre 50 i 83 anys.<\/p>\n\n\n\n<p>D&#8217;acord amb les dades registrades, en aquests moments hi ha 124.239 casos actius, la qual cosa suposa un 16,48% del total de positius.<\/p>\n","protected":false},"excerpt":{"rendered":"<div class=\"mh-excerpt\">Per prov\u00edncies, s&#8217;han notificat 3.632 nous casos a Castell\u00f3, 11.014 a Alacant i 14.701 a Val\u00e8ncia Els hospitals valencians tenen 1.374 persones ingressades, 201 d&#8217;elles en l&#8217;UCI La Conselleria de Sanitat Universal i Salut P\u00fablica <a class=\"mh-excerpt-more\" href=\"https:\/\/www.tucomarca.com\/wordpress\/segunda\/ca\/sanitat-notifica-29-347-nous-casos-de-coronavirus-22-defuncions-i-12-066-altes-en-la-comunitat-valenciana\/\" title=\"Sanitat notifica 29.347 nous casos de coronavirus, 22 defuncions i 12.066 altes en la Comunitat Valenciana\">[+] <\/a><\/div>\n","protected":false},"author":1,"featured_media":146074,"comment_status":"open","ping_status":"open","sticky":false,"template":"","format":"standard","meta":{"footnotes":""},"categories":[11010,12202,10898,10948,10894,10904,10903,10947,10896,10897],"tags":[11939,11940,13963,13932],"class_list":{"0":"post-146842","1":"post","2":"type-post","3":"status-publish","4":"format-standard","5":"has-post-thumbnail","7":"category-canal-salud","8":"category-covid-19-ca","9":"category-ventana-ca","10":"category-infraestructuras-ca","11":"category-la-comarca-ca","12":"category-sin-categorizar-ca","13":"category-medio-ambiente-la-comarca-ca","14":"category-politica","15":"category-seccion-ca","16":"category-sucesos-la-comarca-ca","17":"tag-coronavirus-ca","18":"tag-covid-19-ca","19":"tag-vacunacion-ca","20":"tag-vacunas-ca"},"_links":{"self":[{"href":"https:\/\/www.tucomarca.com\/wordpress\/segunda\/ca\/wp-json\/wp\/v2\/posts\/146842","targetHints":{"allow":["GET"]}}],"collection":[{"href":"https:\/\/www.tucomarca.com\/wordpress\/segunda\/ca\/wp-json\/wp\/v2\/posts"}],"about":[{"href":"https:\/\/www.tucomarca.com\/wordpress\/segunda\/ca\/wp-json\/wp\/v2\/types\/post"}],"author":[{"embeddable":true,"href":"https:\/\/www.tucomarca.com\/wordpress\/segunda\/ca\/wp-json\/wp\/v2\/users\/1"}],"replies":[{"embeddable":true,"href":"https:\/\/www.tucomarca.com\/wordpress\/segunda\/ca\/wp-json\/wp\/v2\/comments?post=146842"}],"version-history":[{"count":0,"href":"https:\/\/www.tucomarca.com\/wordpress\/segunda\/ca\/wp-json\/wp\/v2\/posts\/146842\/revisions"}],"wp:featuredmedia":[{"embeddable":true,"href":"https:\/\/www.tucomarca.com\/wordpress\/segunda\/ca\/wp-json\/wp\/v2\/media\/146074"}],"wp:attachment":[{"href":"https:\/\/www.tucomarca.com\/wordpress\/segunda\/ca\/wp-json\/wp\/v2\/media?parent=146842"}],"wp:term":[{"taxonomy":"category","embeddable":true,"href":"https:\/\/www.tucomarca.com\/wordpress\/segunda\/ca\/wp-json\/wp\/v2\/categories?post=146842"},{"taxonomy":"post_tag","embeddable":true,"href":"https:\/\/www.tucomarca.com\/wordpress\/segunda\/ca\/wp-json\/wp\/v2\/tags?post=146842"}],"curies":[{"name":"wp","href":"https:\/\/api.w.org\/{rel}","templated":true}]}}