{"id":146916,"date":"2022-01-11T18:10:00","date_gmt":"2022-01-11T17:10:00","guid":{"rendered":"http:\/\/www.tucomarca.com\/wordpress\/segunda\/?p=146916"},"modified":"2022-01-11T20:51:24","modified_gmt":"2022-01-11T19:51:24","slug":"bunyol-continua-liderant-el-nombre-de-contagis-en-la-foia-amb-una-incidencia-acumulada-de-3-35860-casos-per-cent-mil-habitants","status":"publish","type":"post","link":"https:\/\/www.tucomarca.com\/wordpress\/segunda\/ca\/bunyol-continua-liderant-el-nombre-de-contagis-en-la-foia-amb-una-incidencia-acumulada-de-3-35860-casos-per-cent-mil-habitants\/","title":{"rendered":"Bunyol continua liderant el nombre de contagis en La Foia amb una incid\u00e8ncia acumulada de 3.358,60 casos per cent mil habitants"},"content":{"rendered":"\n<h4 class=\"wp-block-heading\">La incid\u00e8ncia acumulada en La Foia de Bunyol-Xiva continua pujant despr\u00e9s de l&#8217;\u00faltima actualitzaci\u00f3 realitzada per la Conselleria de *Sanitat.<\/h4>\n\n\n\n<p>Bunyol, Xest i Xiva s\u00f3n els municipis al capdavant de contagis a la comarca, encara que s\u00f3n Bunyol i Xest els que lideren la incid\u00e8ncia acumulada despr\u00e9s de l&#8217;\u00faltima actualitzaci\u00f3 de les xifres realitzada per la Conselleria de Sanitat Universal i Salut P\u00fablica.<\/p>\n\n\n\n<p><strong>Bunyol<\/strong>, amb una poblaci\u00f3 9.408 habitants, registra 319 casos confirmats per PCR i una incid\u00e8ncia acumulada en els \u00faltims 14 dies de 3.358,60 per cent mil habitants, la qual cosa ho mant\u00e9 com el municipi amb m\u00e9s incid\u00e8ncia acumulada de la comarca despr\u00e9s de l&#8217;\u00faltima actualitzaci\u00f3 de les xifres.<\/p>\n\n\n\n<p>El municipi de <strong>Xiva<\/strong>, amb un cens de poblaci\u00f3 de 15.123 habitants, compta actualment amb 369 casos confirmats per PCR amb una incid\u00e8ncia de 2.393,93 per cent mil habitants.<\/p>\n\n\n\n<p><strong>Xest<\/strong>, amb una densitat de poblaci\u00f3 de 8.494 habitants, compta amb 272 contagis confirmats per PCR i una incid\u00e8ncia acumulada de 3.113,91.<\/p>\n\n\n\n<p>Mentre que les dades registrades dels contagis i la incid\u00e8ncia acumulada en altres poblacions amb menys habitants de la comarca s\u00f3n els seg\u00fcents:<\/p>\n\n\n\n<ul class=\"wp-block-list\"><li><strong>Alboraig<\/strong>, amb 15 contagis i una incid\u00e8ncia acumulada de 1.220,50.<\/li><li><strong>Dosaig\u00fces<\/strong>, amb 0 contagis i una incid\u00e8ncia acumulada de 0,00.<\/li><li><strong>Godelleta<\/strong>, amb 43 contagis i una incid\u00e8ncia acumulada de 1.199,78.<\/li><li><strong>Macastre<\/strong>, amb 7 contagis i una incid\u00e8ncia acumulada de 538,46.<\/li><li><strong>Setaig\u00fces<\/strong>, amb 6 contagis i una incid\u00e8ncia acumulada de 517,69.<\/li><li><strong>I\u00e0tova<\/strong>, amb 17 contagis i una incid\u00e8ncia acumulada de 817,70.<\/li><\/ul>\n\n\n\n<p>En poblacions ve\u00efnes a la comarca de la Foia com <strong>Tur\u00eds<\/strong> (La Ribera Alta), els contagis ascendeixen a 201 amb una incid\u00e8ncia de 2.990,18 i de 8 contagis i una incid\u00e8ncia de 1.037,61 a <strong>Cortes de Pall\u00e0s<\/strong> (La Vall d&#8217;Aiora Cofrents).<\/p>\n","protected":false},"excerpt":{"rendered":"<div class=\"mh-excerpt\">La incid\u00e8ncia acumulada en La Foia de Bunyol-Xiva continua pujant despr\u00e9s de l&#8217;\u00faltima actualitzaci\u00f3 realitzada per la Conselleria de *Sanitat. Bunyol, Xest i Xiva s\u00f3n els municipis al capdavant de contagis a la comarca, encara <a class=\"mh-excerpt-more\" href=\"https:\/\/www.tucomarca.com\/wordpress\/segunda\/ca\/bunyol-continua-liderant-el-nombre-de-contagis-en-la-foia-amb-una-incidencia-acumulada-de-3-35860-casos-per-cent-mil-habitants\/\" title=\"Bunyol continua liderant el nombre de contagis en La Foia amb una incid\u00e8ncia acumulada de 3.358,60 casos per cent mil habitants\">[+] <\/a><\/div>\n","protected":false},"author":12,"featured_media":146930,"comment_status":"open","ping_status":"open","sticky":false,"template":"","format":"standard","meta":{"footnotes":""},"categories":[10951,10973,10911,11010,10953,12202,10976,10898,10977,10980,10948,10894,10912,10902,10978,10896,10979,10897,11047,10974,10975],"tags":[11071,11195,11939,11940,11132,15059,10914,11144],"class_list":{"0":"post-146916","1":"post","2":"type-post","3":"status-publish","4":"format-standard","5":"has-post-thumbnail","7":"category-ayora-cofrentes-ca","8":"category-alborache-ca","9":"category-bunol-ca","10":"category-canal-salud","11":"category-cortes-de-pallas-ca","12":"category-covid-19-ca","13":"category-dos-aguas-ca","14":"category-ventana-ca","15":"category-godelleta-ca","16":"category-yatova-ca","17":"category-infraestructuras-ca","18":"category-la-comarca-ca","19":"category-la-hoya-ca","20":"category-la-ribera-ca","21":"category-macastre-ca","22":"category-seccion-ca","23":"category-siete-aguas-ca","24":"category-sucesos-la-comarca-ca","25":"category-turis-ca","26":"category-cheste-ca","27":"category-chiva-ca","28":"tag-cheste","29":"tag-chiva-ca","30":"tag-coronavirus-ca","31":"tag-covid-19-ca","32":"tag-dos-aguas","33":"tag-incidencia-acumulada-ca","34":"tag-la-hoya-de-bunol-chiva-ca","35":"tag-macastre-ca"},"_links":{"self":[{"href":"https:\/\/www.tucomarca.com\/wordpress\/segunda\/ca\/wp-json\/wp\/v2\/posts\/146916","targetHints":{"allow":["GET"]}}],"collection":[{"href":"https:\/\/www.tucomarca.com\/wordpress\/segunda\/ca\/wp-json\/wp\/v2\/posts"}],"about":[{"href":"https:\/\/www.tucomarca.com\/wordpress\/segunda\/ca\/wp-json\/wp\/v2\/types\/post"}],"author":[{"embeddable":true,"href":"https:\/\/www.tucomarca.com\/wordpress\/segunda\/ca\/wp-json\/wp\/v2\/users\/12"}],"replies":[{"embeddable":true,"href":"https:\/\/www.tucomarca.com\/wordpress\/segunda\/ca\/wp-json\/wp\/v2\/comments?post=146916"}],"version-history":[{"count":0,"href":"https:\/\/www.tucomarca.com\/wordpress\/segunda\/ca\/wp-json\/wp\/v2\/posts\/146916\/revisions"}],"wp:featuredmedia":[{"embeddable":true,"href":"https:\/\/www.tucomarca.com\/wordpress\/segunda\/ca\/wp-json\/wp\/v2\/media\/146930"}],"wp:attachment":[{"href":"https:\/\/www.tucomarca.com\/wordpress\/segunda\/ca\/wp-json\/wp\/v2\/media?parent=146916"}],"wp:term":[{"taxonomy":"category","embeddable":true,"href":"https:\/\/www.tucomarca.com\/wordpress\/segunda\/ca\/wp-json\/wp\/v2\/categories?post=146916"},{"taxonomy":"post_tag","embeddable":true,"href":"https:\/\/www.tucomarca.com\/wordpress\/segunda\/ca\/wp-json\/wp\/v2\/tags?post=146916"}],"curies":[{"name":"wp","href":"https:\/\/api.w.org\/{rel}","templated":true}]}}