{"id":146964,"date":"2022-01-12T14:00:00","date_gmt":"2022-01-12T13:00:00","guid":{"rendered":"http:\/\/www.tucomarca.com\/wordpress\/segunda\/?p=146964"},"modified":"2022-01-12T14:06:44","modified_gmt":"2022-01-12T13:06:44","slug":"els-metges-i-metgesses-de-familia-tramitaran-en-un-mateix-acte-lalta-i-la-baixa-laboral-en-la-comunitat-valenciana","status":"publish","type":"post","link":"https:\/\/www.tucomarca.com\/wordpress\/segunda\/ca\/els-metges-i-metgesses-de-familia-tramitaran-en-un-mateix-acte-lalta-i-la-baixa-laboral-en-la-comunitat-valenciana\/","title":{"rendered":"Els metges i metgesses de fam\u00edlia tramitaran en un mateix acte l&#8217;alta i la baixa laboral en la Comunitat Valenciana"},"content":{"rendered":"\n<p><strong>Les baixes de casos diagnosticats per punts centralitzats d&#8217;obtenci\u00f3 de mostres de la xarxa p\u00fablica, laboratoris privats o farm\u00e0cies es comunicaran directament a l&#8217;INSS, que les traslladaran a les empreses<\/strong><\/p>\n\n\n\n<p>Les baixes de casos diagnosticats per punts centralitzats d&#8217;obtenci\u00f3 de mostres de la xarxa p\u00fablica, laboratoris privats o farm\u00e0cies es comunicaran directament a l&#8217;INSS, que les traslladaran a les empreses<\/p>\n\n\n\n<p>La consellera de Sanitat Universal i Salut P\u00fablica, Ana Barcel\u00f3, ha anunciat que els metges i metgesses de fam\u00edlia podran tramitar en un mateix acte la baixa i l&#8217;alta laboral de pacients que diagnostiquin de *COVID que es concedir\u00e0 juntament amb el diagn\u00f2stic.<\/p>\n\n\n\n<p>L&#8217;alta tindr\u00e0 una data de set dies des de l&#8217;inici de s\u00edmptomes i en el cas que persisteixin els s\u00edmptomes s&#8217;estendria el temps que fos necessari.<\/p>\n\n\n\n<p>&#8220;Agilitarem la tramitaci\u00f3 de les altes i baixes per a facilitar la seva obtenci\u00f3 per part dels pacients i, en uns moments d&#8217;important c\u00e0rrega assistencial per als professionals, tamb\u00e9 reduirem els actes de car\u00e0cter administratiu que han de realitzar els centres de salut&#8221;, ha declarat la consellera.<\/p>\n\n\n\n<p>Ana Barcel\u00f3 ha realitzat aquestes declaracions despr\u00e9s de reunir-se aquest mat\u00ed amb el president de la Confederaci\u00f3 Empresarial de la Comunitat Valenciana (*CEV), Salvador Navarro.<\/p>\n\n\n\n<p>Una altra de les mesures que la Conselleria posar\u00e0 en marxa t\u00e9 a veure amb l&#8217;agilitaci\u00f3 de la tramitaci\u00f3 de les baixes dels casos diagnosticats per punts centralitzats d&#8217;obtenci\u00f3 de mostres de la xarxa p\u00fablica, laboratoris privats o els test que es realitzaran en les oficines de farm\u00e0cia dins de l&#8217;acord aconseguit amb els col\u00b7legis professionals.<\/p>\n\n\n\n<p>En aquests casos, les baixes se sol\u00b7licitaran a trav\u00e9s de la web per part del pacient en un enlla\u00e7 que s&#8217;activar\u00e0 a partir del divendres. A trav\u00e9s de la inspecci\u00f3 sanit\u00e0ria, el comunicat de baixa es comunicar\u00e0 a l&#8217;INSS i d&#8217;all\u00ed a les empreses directament. Les persones que s&#8217;hagin fet un test d&#8217;autodiagn\u00f2stic hauran de confirmar el positiu en qualsevol dels dispositius acreditats (incloent laboratoris privats o oficines de farm\u00e0cia).<\/p>\n","protected":false},"excerpt":{"rendered":"<div class=\"mh-excerpt\">Les baixes de casos diagnosticats per punts centralitzats d&#8217;obtenci\u00f3 de mostres de la xarxa p\u00fablica, laboratoris privats o farm\u00e0cies es comunicaran directament a l&#8217;INSS, que les traslladaran a les empreses Les baixes de casos diagnosticats <a class=\"mh-excerpt-more\" href=\"https:\/\/www.tucomarca.com\/wordpress\/segunda\/ca\/els-metges-i-metgesses-de-familia-tramitaran-en-un-mateix-acte-lalta-i-la-baixa-laboral-en-la-comunitat-valenciana\/\" title=\"Els metges i metgesses de fam\u00edlia tramitaran en un mateix acte l&#8217;alta i la baixa laboral en la Comunitat Valenciana\">[+] <\/a><\/div>\n","protected":false},"author":1,"featured_media":114159,"comment_status":"open","ping_status":"open","sticky":false,"template":"","format":"standard","meta":{"footnotes":""},"categories":[11010,12202,10898,10948,10894,10904,10947,10896,10897],"tags":[16158,16159,11939,11940,16160,13963,13932],"class_list":{"0":"post-146964","1":"post","2":"type-post","3":"status-publish","4":"format-standard","5":"has-post-thumbnail","7":"category-canal-salud","8":"category-covid-19-ca","9":"category-ventana-ca","10":"category-infraestructuras-ca","11":"category-la-comarca-ca","12":"category-sin-categorizar-ca","13":"category-politica","14":"category-seccion-ca","15":"category-sucesos-la-comarca-ca","16":"tag-alta-ca","17":"tag-baja-ca","18":"tag-coronavirus-ca","19":"tag-covid-19-ca","20":"tag-laboral-ca","21":"tag-vacunacion-ca","22":"tag-vacunas-ca"},"_links":{"self":[{"href":"https:\/\/www.tucomarca.com\/wordpress\/segunda\/ca\/wp-json\/wp\/v2\/posts\/146964","targetHints":{"allow":["GET"]}}],"collection":[{"href":"https:\/\/www.tucomarca.com\/wordpress\/segunda\/ca\/wp-json\/wp\/v2\/posts"}],"about":[{"href":"https:\/\/www.tucomarca.com\/wordpress\/segunda\/ca\/wp-json\/wp\/v2\/types\/post"}],"author":[{"embeddable":true,"href":"https:\/\/www.tucomarca.com\/wordpress\/segunda\/ca\/wp-json\/wp\/v2\/users\/1"}],"replies":[{"embeddable":true,"href":"https:\/\/www.tucomarca.com\/wordpress\/segunda\/ca\/wp-json\/wp\/v2\/comments?post=146964"}],"version-history":[{"count":0,"href":"https:\/\/www.tucomarca.com\/wordpress\/segunda\/ca\/wp-json\/wp\/v2\/posts\/146964\/revisions"}],"wp:featuredmedia":[{"embeddable":true,"href":"https:\/\/www.tucomarca.com\/wordpress\/segunda\/ca\/wp-json\/wp\/v2\/media\/114159"}],"wp:attachment":[{"href":"https:\/\/www.tucomarca.com\/wordpress\/segunda\/ca\/wp-json\/wp\/v2\/media?parent=146964"}],"wp:term":[{"taxonomy":"category","embeddable":true,"href":"https:\/\/www.tucomarca.com\/wordpress\/segunda\/ca\/wp-json\/wp\/v2\/categories?post=146964"},{"taxonomy":"post_tag","embeddable":true,"href":"https:\/\/www.tucomarca.com\/wordpress\/segunda\/ca\/wp-json\/wp\/v2\/tags?post=146964"}],"curies":[{"name":"wp","href":"https:\/\/api.w.org\/{rel}","templated":true}]}}