{"id":147100,"date":"2022-01-14T09:00:00","date_gmt":"2022-01-14T08:00:00","guid":{"rendered":"http:\/\/www.tucomarca.com\/wordpress\/segunda\/?p=147100"},"modified":"2022-01-14T11:31:04","modified_gmt":"2022-01-14T10:31:04","slug":"requena-finalitza-les-obres-de-millora-de-voreres-i-vials-en-el-poligon-el-romeral","status":"publish","type":"post","link":"https:\/\/www.tucomarca.com\/wordpress\/segunda\/ca\/requena-finalitza-les-obres-de-millora-de-voreres-i-vials-en-el-poligon-el-romeral\/","title":{"rendered":"Requena finalitza les obres de millora de voreres i vials en el pol\u00edgon el Romeral"},"content":{"rendered":"\n<p>Han concl\u00f2s els treballs per a la renovaci\u00f3 d&#8217;asfaltat i voreres en el pol\u00edgon industrial el Romeral de Requena.<\/p>\n\n\n\n<p>El consistori requenense ha adjudicat un projecte valorat en 417.900 euros que es cobrir\u00e0, en part, amb una subvenci\u00f3 concedida per l&#8217;IVACE que ascendeix a 165.339,99 euros, assumint la resta l&#8217;Ajuntament .<\/p>\n\n\n\n<p>Els treballs han consistit en la renovaci\u00f3 d&#8217;asfaltat, aparcaments i voreres dels carrers de l&#8217;Hostaleria i l&#8217;Artesania, la renovaci\u00f3 d&#8217;asfaltat i voreres del carrer Fustes (en el tram compr\u00e8s entre el carrer de l&#8217;Artesania i la de l&#8217;Hostaleria) i la renovaci\u00f3 d&#8217;asfaltat del carrer Arts Gr\u00e0fiques.<\/p>\n\n\n\n<p>D&#8217;altra banda, amb la subvenci\u00f3 de l&#8217;IVACE s&#8217;han adquirit 98 llumin\u00e0ries led per al pol\u00edgon, per un import de 17.763 euros.<\/p>\n\n\n\n<p>El subministrament anir\u00e0 destinat a realitzar el reempla\u00e7ament de llumin\u00e0ries existents en VSAP per altres m\u00e9s eficients amb tecnologia LED. Informa, Luis Ib\u00e1\u00f1ez.<\/p>\n","protected":false},"excerpt":{"rendered":"<div class=\"mh-excerpt\">Han concl\u00f2s els treballs per a la renovaci\u00f3 d&#8217;asfaltat i voreres en el pol\u00edgon industrial el Romeral de Requena. El consistori requenense ha adjudicat un projecte valorat en 417.900 euros que es cobrir\u00e0, en part, <a class=\"mh-excerpt-more\" href=\"https:\/\/www.tucomarca.com\/wordpress\/segunda\/ca\/requena-finalitza-les-obres-de-millora-de-voreres-i-vials-en-el-poligon-el-romeral\/\" title=\"Requena finalitza les obres de millora de voreres i vials en el pol\u00edgon el Romeral\">[+] <\/a><\/div>\n","protected":false},"author":1,"featured_media":147098,"comment_status":"open","ping_status":"open","sticky":false,"template":"","format":"standard","meta":{"footnotes":""},"categories":[10948,10894,10947,10908,10909,10896],"tags":[14168,11099,10910],"class_list":{"0":"post-147100","1":"post","2":"type-post","3":"status-publish","4":"format-standard","5":"has-post-thumbnail","7":"category-infraestructuras-ca","8":"category-la-comarca-ca","9":"category-politica","10":"category-requena-ca","11":"category-requena-utiel-ca","12":"category-seccion-ca","13":"tag-poligono-industrial-ca","14":"tag-requena-ca","15":"tag-requena-utiel-ca"},"_links":{"self":[{"href":"https:\/\/www.tucomarca.com\/wordpress\/segunda\/ca\/wp-json\/wp\/v2\/posts\/147100","targetHints":{"allow":["GET"]}}],"collection":[{"href":"https:\/\/www.tucomarca.com\/wordpress\/segunda\/ca\/wp-json\/wp\/v2\/posts"}],"about":[{"href":"https:\/\/www.tucomarca.com\/wordpress\/segunda\/ca\/wp-json\/wp\/v2\/types\/post"}],"author":[{"embeddable":true,"href":"https:\/\/www.tucomarca.com\/wordpress\/segunda\/ca\/wp-json\/wp\/v2\/users\/1"}],"replies":[{"embeddable":true,"href":"https:\/\/www.tucomarca.com\/wordpress\/segunda\/ca\/wp-json\/wp\/v2\/comments?post=147100"}],"version-history":[{"count":0,"href":"https:\/\/www.tucomarca.com\/wordpress\/segunda\/ca\/wp-json\/wp\/v2\/posts\/147100\/revisions"}],"wp:featuredmedia":[{"embeddable":true,"href":"https:\/\/www.tucomarca.com\/wordpress\/segunda\/ca\/wp-json\/wp\/v2\/media\/147098"}],"wp:attachment":[{"href":"https:\/\/www.tucomarca.com\/wordpress\/segunda\/ca\/wp-json\/wp\/v2\/media?parent=147100"}],"wp:term":[{"taxonomy":"category","embeddable":true,"href":"https:\/\/www.tucomarca.com\/wordpress\/segunda\/ca\/wp-json\/wp\/v2\/categories?post=147100"},{"taxonomy":"post_tag","embeddable":true,"href":"https:\/\/www.tucomarca.com\/wordpress\/segunda\/ca\/wp-json\/wp\/v2\/tags?post=147100"}],"curies":[{"name":"wp","href":"https:\/\/api.w.org\/{rel}","templated":true}]}}