{"id":147103,"date":"2022-01-14T09:00:00","date_gmt":"2022-01-14T08:00:00","guid":{"rendered":"http:\/\/www.tucomarca.com\/wordpress\/segunda\/?p=147103"},"modified":"2022-01-14T14:23:31","modified_gmt":"2022-01-14T13:23:31","slug":"el-govern-local-de-bunyol-recalca-que-ha-sigut-transmissor-dels-comunicats-del-centre-de-salut-i-de-larea-de-salut-de-manises","status":"publish","type":"post","link":"https:\/\/www.tucomarca.com\/wordpress\/segunda\/ca\/el-govern-local-de-bunyol-recalca-que-ha-sigut-transmissor-dels-comunicats-del-centre-de-salut-i-de-larea-de-salut-de-manises\/","title":{"rendered":"El govern local de Bunyol recalca que ha sigut transmissor dels comunicats del Centre de Salut i de l&#8217;\u00c0rea de Salut de Manises"},"content":{"rendered":"\n<p>A principis de setmana el Centre de Salut de Bunyol va sol\u00b7licitar al Govern Local que difonguera un comunicat a trav\u00e9s de les seues xarxes socials i la r\u00e0dio municipal informant que davant la situaci\u00f3 de desbordament produ\u00eft per la Pand\u00e8mia Covid, <em>\u201ces veien obligats a suspendre totes les visites programades, de metges d&#8217;atenci\u00f3 de prim\u00e0ria i infermeria en els pr\u00f2xims dies i fins a un altre av\u00eds. Es mantindran les visites de pediatria, matrona, ginecologia, t\u00e8cnic de raigs, rehabilitaci\u00f3 i els especialistes els dies programats. Les visites del dia de hui s&#8217;atendran en la mesura que siga possible. Totes les cites cancel\u00b7lades hauran de tornar a sol\u00b7licitar-se una vegada que tornem a obrir les agendes m\u00e8diques. Demanem disculpes i treballem intensament per a poder reprendre el servei amb normalitat al m\u00e9s prompte possible\u201d<\/em>, segons fonts municipals.<\/p>\n\n\n\n<p>El Govern Local va difondre aquest comunicat informatiu, per\u00f2 a primera hora de la vesprada van rebre una rectificaci\u00f3 per part de l&#8217;\u00c0rea de Salut de Manises, de Roberto Gorgues Comes, Coordinador de Continu\u00eftat Assistencial del Departament de Salut de Manises, del qual dep\u00e9n el Centre de Salut de la localitat, dient textualment: <em>\u201cSent coneixedor de la inquietud generada en la ciutadania del municipi de Bunyol referent a l&#8217;atenci\u00f3 sanit\u00e0ria de la poblaci\u00f3 volia expressar: S&#8217;ha produ\u00eft un error de transmissi\u00f3 en la informaci\u00f3 des de l&#8217;assist\u00e8ncia sanit\u00e0ria a la ciutadania; El Centre de Salut de Bunyol mantindr\u00e0 les seues portes obertes a la totalitat dels pacients que requerisquen ser atesos i s&#8217;organitzar\u00e0 aquesta atenci\u00f3 segons els criteris cl\u00ednics de prioritzaci\u00f3 com sempre s&#8217;ha fet\u201d<\/em>.<br>El Govern Local de Bunyol ha sigut &#8220;transmissor de totes dues informacions difoses entorn de l&#8217;assist\u00e8ncia sanit\u00e0ria en el municipi&#8221;. Aix\u00ed volen manifestar &#8220;a tota la poblaci\u00f3 i demanar disculpes pels possibles trastorns i confusions generats&#8221;.<\/p>\n","protected":false},"excerpt":{"rendered":"<div class=\"mh-excerpt\">A principis de setmana el Centre de Salut de Bunyol va sol\u00b7licitar al Govern Local que difonguera un comunicat a trav\u00e9s de les seues xarxes socials i la r\u00e0dio municipal informant que davant la situaci\u00f3 <a class=\"mh-excerpt-more\" href=\"https:\/\/www.tucomarca.com\/wordpress\/segunda\/ca\/el-govern-local-de-bunyol-recalca-que-ha-sigut-transmissor-dels-comunicats-del-centre-de-salut-i-de-larea-de-salut-de-manises\/\" title=\"El govern local de Bunyol recalca que ha sigut transmissor dels comunicats del Centre de Salut i de l&#8217;\u00c0rea de Salut de Manises\">[+] <\/a><\/div>\n","protected":false},"author":12,"featured_media":101216,"comment_status":"open","ping_status":"open","sticky":false,"template":"","format":"standard","meta":{"footnotes":""},"categories":[10911,11010,12202,10948,10894,10912,10947,10896,10897],"tags":[11158,13383,12221,10914],"class_list":{"0":"post-147103","1":"post","2":"type-post","3":"status-publish","4":"format-standard","5":"has-post-thumbnail","7":"category-bunol-ca","8":"category-canal-salud","9":"category-covid-19-ca","10":"category-infraestructuras-ca","11":"category-la-comarca-ca","12":"category-la-hoya-ca","13":"category-politica","14":"category-seccion-ca","15":"category-sucesos-la-comarca-ca","16":"tag-ayuntamiento-de-bunol-ca","17":"tag-centro-de-salud-de-bunol-ca","18":"tag-departamento-de-salud-de-manises-ca","19":"tag-la-hoya-de-bunol-chiva-ca"},"_links":{"self":[{"href":"https:\/\/www.tucomarca.com\/wordpress\/segunda\/ca\/wp-json\/wp\/v2\/posts\/147103","targetHints":{"allow":["GET"]}}],"collection":[{"href":"https:\/\/www.tucomarca.com\/wordpress\/segunda\/ca\/wp-json\/wp\/v2\/posts"}],"about":[{"href":"https:\/\/www.tucomarca.com\/wordpress\/segunda\/ca\/wp-json\/wp\/v2\/types\/post"}],"author":[{"embeddable":true,"href":"https:\/\/www.tucomarca.com\/wordpress\/segunda\/ca\/wp-json\/wp\/v2\/users\/12"}],"replies":[{"embeddable":true,"href":"https:\/\/www.tucomarca.com\/wordpress\/segunda\/ca\/wp-json\/wp\/v2\/comments?post=147103"}],"version-history":[{"count":0,"href":"https:\/\/www.tucomarca.com\/wordpress\/segunda\/ca\/wp-json\/wp\/v2\/posts\/147103\/revisions"}],"wp:featuredmedia":[{"embeddable":true,"href":"https:\/\/www.tucomarca.com\/wordpress\/segunda\/ca\/wp-json\/wp\/v2\/media\/101216"}],"wp:attachment":[{"href":"https:\/\/www.tucomarca.com\/wordpress\/segunda\/ca\/wp-json\/wp\/v2\/media?parent=147103"}],"wp:term":[{"taxonomy":"category","embeddable":true,"href":"https:\/\/www.tucomarca.com\/wordpress\/segunda\/ca\/wp-json\/wp\/v2\/categories?post=147103"},{"taxonomy":"post_tag","embeddable":true,"href":"https:\/\/www.tucomarca.com\/wordpress\/segunda\/ca\/wp-json\/wp\/v2\/tags?post=147103"}],"curies":[{"name":"wp","href":"https:\/\/api.w.org\/{rel}","templated":true}]}}