{"id":147477,"date":"2022-01-19T10:00:00","date_gmt":"2022-01-19T09:00:00","guid":{"rendered":"http:\/\/www.tucomarca.com\/wordpress\/segunda\/?p=147477"},"modified":"2022-01-19T14:26:42","modified_gmt":"2022-01-19T13:26:42","slug":"els-ajuntaments-de-la-ribera-valoren-molt-positivament-la-gestio-de-la-diputacio","status":"publish","type":"post","link":"https:\/\/www.tucomarca.com\/wordpress\/segunda\/ca\/els-ajuntaments-de-la-ribera-valoren-molt-positivament-la-gestio-de-la-diputacio\/","title":{"rendered":"Els ajuntaments de La Ribera valoren molt positivament la gesti\u00f3 de la Diputaci\u00f3"},"content":{"rendered":"\n<h4 class=\"wp-block-heading\"><strong><strong>Una enquesta en la qual han participat m\u00e9s de 200 alcaldes i alcaldesses de la provincia, reflectix un elevat grau de satisfacci\u00f3 entre els ajuntaments de La Ribera amb la instituci\u00f3 en aspectes com l&#8217;autonomia municipal per a gestionar els fons rebuts, l&#8217;objectivitat a l&#8217;hora de repartir les ajudes i el suport durant la pand\u00e8mia<\/strong><\/strong><\/h4>\n\n\n\n<h4 class=\"wp-block-heading\"><strong><strong>M\u00e9s del 90% dels responsables municipals de la comarca consultats posen en valor el treball desenvolupat pel president Toni Gaspar, que rep una puntuaci\u00f3 de 7\u20197 sobre 10<\/strong><\/strong><\/h4>\n\n\n\n<p>L&#8217;aposta decidida per la modernitzaci\u00f3 i l&#8217;increment de l&#8217;autonomia municipal que ha desenvolupat la Diputaci\u00f3 de Val\u00e8ncia al llarg dels \u00faltims anys est\u00e0 tenint una resposta satisfact\u00f2ria entre els ajuntaments de La Ribera. Aix\u00ed es reflectix en una enquesta en la qual han participat m\u00e9s de 200 alcaldes i alcaldesses de tota la prov\u00edncia, on els consistoris d&#8217;esta comarca han expressat majorit\u00e0riament un elevat grau de satisfacci\u00f3 amb la gesti\u00f3 realitzada per la corporaci\u00f3 en diversos aspectes. En concret, la valoraci\u00f3 que els responsables dels municipis de La Ribera donen al conjunt dels serveis prestats per la Diputaci\u00f3 \u00e9s de 8, front del 7,8 de mitjana provincial, amb m\u00e9s del 80% dels entrevistats qualificant entre notable i excel\u00b7lent.<\/p>\n\n\n\n<p>Amb l&#8217;objectiu de con\u00e9ixer de primera m\u00e0 l&#8217;opini\u00f3 dels alcaldes i alcaldesses valencians sobre les pol\u00edtiques que est\u00e0 duent a terme la Diputaci\u00f3, i aix\u00ed poder treballar conjuntament per a planificar i recollir propostes de millora en els serveis que actualment presta este organisme, s&#8217;ha realitzat un q\u00fcestionari dirigit a tots els primers edils municipals de la prov\u00edncia, que al cap i a la fi s\u00f3n els destinataris directes de la seua gesti\u00f3.<\/p>\n\n\n\n<p>Centrant-nos en les respostes aportades pels regidors de La Ribera, destaca per damunt de totes elles l&#8217;ampli consens existent entre els ajuntaments sobre la import\u00e0ncia i utilitat del paper que juga la Diputaci\u00f3 en la gesti\u00f3 dels seus municipis, amb una puntuaci\u00f3 de 4,6 sobre 5. M\u00e9s d&#8217;un 90% d&#8217;ells qualifica de molt important o bastant important la funci\u00f3 que desenvolupa l&#8217;ens provincial. Es tracta del major percentatge aconseguit respecte de q\u00fcestionaris anteriors.<\/p>\n\n\n\n<p>Tamb\u00e9 sobre\u00efx la valoraci\u00f3 que fan els alcaldes i alcaldesses de La Ribera respecte l&#8217;augment de l&#8217;autonomia que t\u00e9 cada municipi per a destinar els fons que reben de la Diputaci\u00f3. Aix\u00ed, nou de cada deu reconeixen l&#8217;aposta municipalista, impulsada durant esta legislatura, d&#8217;assignar m\u00e9s fons per a l&#8217;autonomia municipal, un dels senyals d&#8217;identitat de l&#8217;actual equip de govern que presidix Toni Gaspar. La puntuaci\u00f3 aconseguida en este apartat \u00e9s de 8,7 sobre 10.<\/p>\n\n\n\n<p>Una altra de les categories millor valorades i que m\u00e9s ha millorat en comparaci\u00f3 amb l&#8217;\u00faltima enquesta \u00e9s la percepci\u00f3 que tenen els ajuntaments de La Ribera respecte de l&#8217;objectivitat dels criteris emprats per la instituci\u00f3 a l&#8217;hora de repartir els recursos econ\u00f2mics. La valoraci\u00f3 en eixe sentit \u00e9s de 8,2 sobre 10, la qual cosa posa de manifest les millores realitzades a l\u2019efecte en els \u00faltims anys.<\/p>\n\n\n\n<p>Cal recordar que esta comarca ha rebut un total de 12,2 milions d&#8217;euros del Fons de Cooperaci\u00f3 de 2021, als quals cal afegir els 27,2 milions d&#8217;euros del Pla d&#8217;Inversions 2020-2021.<\/p>\n\n\n\n<p>Una de les novetats que ha incl\u00f2s el q\u00fcestionari ha sigut l&#8217;opini\u00f3 sobre la capacitat de resposta que va tindre la Diputaci\u00f3 durant la crisi provocada per la pand\u00e8mia de la Covid i, segons sembla en els resultats, una aclaparadora majoria (m\u00e9s del 80%) dels ajuntaments de La Ribera es va sentir secundada des del primer moment per la corporaci\u00f3 provincial, llan\u00e7ant una nota de 8 punts. De fet, la Diputaci\u00f3 va ser la primera instituci\u00f3 que va fer arribar als municipis tant materials de protecci\u00f3 com recursos econ\u00f2mics, en uns moments especialment complicats, sobretot per a les localitats m\u00e9s xicotetes.<\/p>\n\n\n\n<p><strong>Lideratge de Toni Gaspar<\/strong><\/p>\n\n\n\n<p>Per a finalitzar el q\u00fcestionari, s&#8217;ha volgut con\u00e9ixer l&#8217;opini\u00f3 dels m\u00e0xims responsables municipals sobre el lideratge del president de la corporaci\u00f3. La figura del president Toni Gaspar ix refor\u00e7ada com a impulsor de les principals pol\u00edtiques que han desembocat en la millora de la percepci\u00f3 que tenen els ajuntaments sobre la gesti\u00f3 de la Diputaci\u00f3. D&#8217;esta manera, una majoria clara (76%) dels alcaldes i alcaldesses enquestats valoren la l\u00ednia de treball del president de la Diputaci\u00f3 en la modernitzaci\u00f3 de la instituci\u00f3 i suport a l&#8217;autonomia dels municipis entre el notable i l&#8217;excel\u00b7lent. La comarca de La Ribera aprova \u00e0mpliament a Gaspar amb una nota mitjana de 7\u20197, una d\u00e8cima per damunt de la mitjana de la prov\u00edncia.<\/p>\n\n\n\n<p><strong>Treballant per a agilitar els tr\u00e0mits<\/strong><\/p>\n\n\n\n<p>Les puntuacions menys elevades de l&#8217;enquesta fan refer\u00e8ncia a l&#8217;agilitat del funcionament de la Diputaci\u00f3 en la tramitaci\u00f3 dels diferents procediments que duen a terme els ajuntaments. A pesar que tres de cada quatre regidors es mostren d&#8217;acord que s&#8217;han redu\u00eft els tr\u00e0mits burocr\u00e0tics en les seues gestions amb esta administraci\u00f3, l&#8217;opini\u00f3 estesa entre els enquestats \u00e9s que encara queda treball per fer en eixe sentit.<\/p>\n\n\n\n<p>Aix\u00ed mateix, referent a la disponibilitat i acc\u00e9s a les ajudes que posa la Diputaci\u00f3 a la disposici\u00f3 dels ajuntaments, quasi un 70% dels responsables ho qualifica d&#8217;excel\u00b7lent o notable. No obstant aix\u00f2, sembla apuntar-se l&#8217;opini\u00f3, sobretot entre les localitats de menys de 2.000 habitants, que existix un buit temporal millorable entre la disponibilitat de recursos i el seu acc\u00e9s.<\/p>\n\n\n\n<p>Precisament eixe \u00e9s un dels aspectes en els quals m\u00e9s s&#8217;est\u00e0 esfor\u00e7ant l&#8217;actual equip de govern en el seu prop\u00f2sit de modernitzar la instituci\u00f3 i amb aix\u00f2 agilitar tots els procediments. Donen mostra d&#8217;aix\u00f2 les diferents mesures aprovades sobre el tema, com per exemple fer bianual el Pla d&#8217;Inversions o que cap pla de subvencions es puga presentar despr\u00e9s del 30 de maig, amb la finalitat de donar temps als ajuntaments per a executar els seus projectes.<\/p>\n","protected":false},"excerpt":{"rendered":"<div class=\"mh-excerpt\">Una enquesta en la qual han participat m\u00e9s de 200 alcaldes i alcaldesses de la provincia, reflectix un elevat grau de satisfacci\u00f3 entre els ajuntaments de La Ribera amb la instituci\u00f3 en aspectes com l&#8217;autonomia <a class=\"mh-excerpt-more\" href=\"https:\/\/www.tucomarca.com\/wordpress\/segunda\/ca\/els-ajuntaments-de-la-ribera-valoren-molt-positivament-la-gestio-de-la-diputacio\/\" title=\"Els ajuntaments de La Ribera valoren molt positivament la gesti\u00f3 de la Diputaci\u00f3\">[+] <\/a><\/div>\n","protected":false},"author":1,"featured_media":147474,"comment_status":"open","ping_status":"open","sticky":false,"template":"","format":"standard","meta":{"footnotes":""},"categories":[10948,10894,10904,10902,10947,10896],"tags":[11246,11077],"class_list":{"0":"post-147477","1":"post","2":"type-post","3":"status-publish","4":"format-standard","5":"has-post-thumbnail","7":"category-infraestructuras-ca","8":"category-la-comarca-ca","9":"category-sin-categorizar-ca","10":"category-la-ribera-ca","11":"category-politica","12":"category-seccion-ca","13":"tag-diputacio-de-valencia-ca","14":"tag-la-ribera-alta-ca"},"_links":{"self":[{"href":"https:\/\/www.tucomarca.com\/wordpress\/segunda\/ca\/wp-json\/wp\/v2\/posts\/147477","targetHints":{"allow":["GET"]}}],"collection":[{"href":"https:\/\/www.tucomarca.com\/wordpress\/segunda\/ca\/wp-json\/wp\/v2\/posts"}],"about":[{"href":"https:\/\/www.tucomarca.com\/wordpress\/segunda\/ca\/wp-json\/wp\/v2\/types\/post"}],"author":[{"embeddable":true,"href":"https:\/\/www.tucomarca.com\/wordpress\/segunda\/ca\/wp-json\/wp\/v2\/users\/1"}],"replies":[{"embeddable":true,"href":"https:\/\/www.tucomarca.com\/wordpress\/segunda\/ca\/wp-json\/wp\/v2\/comments?post=147477"}],"version-history":[{"count":0,"href":"https:\/\/www.tucomarca.com\/wordpress\/segunda\/ca\/wp-json\/wp\/v2\/posts\/147477\/revisions"}],"wp:featuredmedia":[{"embeddable":true,"href":"https:\/\/www.tucomarca.com\/wordpress\/segunda\/ca\/wp-json\/wp\/v2\/media\/147474"}],"wp:attachment":[{"href":"https:\/\/www.tucomarca.com\/wordpress\/segunda\/ca\/wp-json\/wp\/v2\/media?parent=147477"}],"wp:term":[{"taxonomy":"category","embeddable":true,"href":"https:\/\/www.tucomarca.com\/wordpress\/segunda\/ca\/wp-json\/wp\/v2\/categories?post=147477"},{"taxonomy":"post_tag","embeddable":true,"href":"https:\/\/www.tucomarca.com\/wordpress\/segunda\/ca\/wp-json\/wp\/v2\/tags?post=147477"}],"curies":[{"name":"wp","href":"https:\/\/api.w.org\/{rel}","templated":true}]}}