{"id":147490,"date":"2022-01-19T14:00:00","date_gmt":"2022-01-19T13:00:00","guid":{"rendered":"http:\/\/www.tucomarca.com\/wordpress\/segunda\/?p=147490"},"modified":"2022-01-19T15:02:54","modified_gmt":"2022-01-19T14:02:54","slug":"lajuntament-de-turis-compta-amb-un-nou-vehicle-per-a-la-guarderia-rural","status":"publish","type":"post","link":"https:\/\/www.tucomarca.com\/wordpress\/segunda\/ca\/lajuntament-de-turis-compta-amb-un-nou-vehicle-per-a-la-guarderia-rural\/","title":{"rendered":"L\u2019Ajuntament de Tur\u00eds compta amb un nou vehicle per a la Guarderia Rural"},"content":{"rendered":"\n<p>La Policia Local de&nbsp;Tur\u00eds&nbsp;compta des d\u2019ara amb un nou vehicle destinat al servei de vigil\u00e0ncia rural. Donades&nbsp;les caracter\u00edstiques del terme municipal, i a causa de l\u2019antiguitat dels vehicles que prestaven&nbsp;este&nbsp;servei, s\u2019ha fet necess\u00e0ria la renovaci\u00f3.<\/p>\n\n\n\n<p>El vehicle, amb tracci\u00f3 a les quatre rodes i autom\u00e0tic, compta amb una completa equipaci\u00f3 per a poder atendre a la ciutadania amb m\u00e9s seguretat i amb la millor efectivitat possible.<\/p>\n\n\n\n<p>La caixa de c\u00e0rrega i el\u00a0cabestrant\u00a0d\u2019arrastre\u00a0s\u00f3n altres dels equipaments que el faran especialment \u00fatil en les tasques a realitzar dins l\u2019\u00e0mbit rural i sobretot, en casos d\u2019emerg\u00e8ncia.<\/p>\n","protected":false},"excerpt":{"rendered":"<div class=\"mh-excerpt\">La Policia Local de&nbsp;Tur\u00eds&nbsp;compta des d\u2019ara amb un nou vehicle destinat al servei de vigil\u00e0ncia rural. Donades&nbsp;les caracter\u00edstiques del terme municipal, i a causa de l\u2019antiguitat dels vehicles que prestaven&nbsp;este&nbsp;servei, s\u2019ha fet necess\u00e0ria la renovaci\u00f3. <a class=\"mh-excerpt-more\" href=\"https:\/\/www.tucomarca.com\/wordpress\/segunda\/ca\/lajuntament-de-turis-compta-amb-un-nou-vehicle-per-a-la-guarderia-rural\/\" title=\"L\u2019Ajuntament de Tur\u00eds compta amb un nou vehicle per a la Guarderia Rural\">[+] <\/a><\/div>\n","protected":false},"author":1,"featured_media":147488,"comment_status":"open","ping_status":"open","sticky":false,"template":"","format":"standard","meta":{"footnotes":""},"categories":[10948,10894,10904,10902,10947,10896,11047],"tags":[11077,11093,16228],"class_list":{"0":"post-147490","1":"post","2":"type-post","3":"status-publish","4":"format-standard","5":"has-post-thumbnail","7":"category-infraestructuras-ca","8":"category-la-comarca-ca","9":"category-sin-categorizar-ca","10":"category-la-ribera-ca","11":"category-politica","12":"category-seccion-ca","13":"category-turis-ca","14":"tag-la-ribera-alta-ca","15":"tag-turis-ca","16":"tag-vehiculo-ca"},"_links":{"self":[{"href":"https:\/\/www.tucomarca.com\/wordpress\/segunda\/ca\/wp-json\/wp\/v2\/posts\/147490","targetHints":{"allow":["GET"]}}],"collection":[{"href":"https:\/\/www.tucomarca.com\/wordpress\/segunda\/ca\/wp-json\/wp\/v2\/posts"}],"about":[{"href":"https:\/\/www.tucomarca.com\/wordpress\/segunda\/ca\/wp-json\/wp\/v2\/types\/post"}],"author":[{"embeddable":true,"href":"https:\/\/www.tucomarca.com\/wordpress\/segunda\/ca\/wp-json\/wp\/v2\/users\/1"}],"replies":[{"embeddable":true,"href":"https:\/\/www.tucomarca.com\/wordpress\/segunda\/ca\/wp-json\/wp\/v2\/comments?post=147490"}],"version-history":[{"count":0,"href":"https:\/\/www.tucomarca.com\/wordpress\/segunda\/ca\/wp-json\/wp\/v2\/posts\/147490\/revisions"}],"wp:featuredmedia":[{"embeddable":true,"href":"https:\/\/www.tucomarca.com\/wordpress\/segunda\/ca\/wp-json\/wp\/v2\/media\/147488"}],"wp:attachment":[{"href":"https:\/\/www.tucomarca.com\/wordpress\/segunda\/ca\/wp-json\/wp\/v2\/media?parent=147490"}],"wp:term":[{"taxonomy":"category","embeddable":true,"href":"https:\/\/www.tucomarca.com\/wordpress\/segunda\/ca\/wp-json\/wp\/v2\/categories?post=147490"},{"taxonomy":"post_tag","embeddable":true,"href":"https:\/\/www.tucomarca.com\/wordpress\/segunda\/ca\/wp-json\/wp\/v2\/tags?post=147490"}],"curies":[{"name":"wp","href":"https:\/\/api.w.org\/{rel}","templated":true}]}}