{"id":147553,"date":"2022-01-19T14:00:00","date_gmt":"2022-01-19T13:00:00","guid":{"rendered":"http:\/\/www.tucomarca.com\/wordpress\/segunda\/?p=147553"},"modified":"2022-01-19T21:40:36","modified_gmt":"2022-01-19T20:40:36","slug":"les-brigades-de-la-diputacio-entren-en-el-consorci-de-bombers","status":"publish","type":"post","link":"https:\/\/www.tucomarca.com\/wordpress\/segunda\/ca\/les-brigades-de-la-diputacio-entren-en-el-consorci-de-bombers\/","title":{"rendered":"Les Brigades de la Diputaci\u00f3 entren en el Consorci de Bombers"},"content":{"rendered":"\n<h4 class=\"wp-block-heading\">El Consorci de Bombers de Val\u00e8ncia assumeix hui a la plantilla de les Brigades de la Diputaci\u00f3. La presidenta del Consorci i vicepresidenta de la Diputaci\u00f3, Maria Josep Amig\u00f3, emfatitza el potenciament del servei amb l&#8217;assumpci\u00f3 de vora 400 treballadors de les brigades.<\/h4>\n\n\n\n<p>El Consorci de Bombers de Val\u00e8ncia ha assumit de manera efectiva el trasp\u00e0s del personal de les brigades de la Diputaci\u00f3. Des de hui la plantilla subrogada, que ascendeix a 432 treballadors i treballadores, forma part del Consorci de Bombers, &#8220;que amb un total de 1.200 treballadors i treballadores&nbsp; refor\u00e7aran la prevenci\u00f3 i l&#8217;extinci\u00f3 d&#8217;incendis de la interfase urbana forestal&#8221; ha subratllat la presidenta del Consorci i vicepresidenta de la Diputaci\u00f3, Maria Josep Amig\u00f3.<\/p>\n\n\n\n<p>Amig\u00f3 tamb\u00e9 ha explicat que &#8220;es tracta d&#8217;una gran innovaci\u00f3, un model a seguir que proposem en centralitzar la prevenci\u00f3 i l&#8217;extinci\u00f3&#8221;. El Consorci de Bombers de Val\u00e8ncia es converteix d&#8217;aquesta manera en pioner en sumar la prevenci\u00f3 i l&#8217;extinci\u00f3 amb personal especialitzat en la seua plantilla, convertir-se, a m\u00e9s, en un dels m\u00e9s grans de l&#8217;Estat espanyol.<\/p>\n\n\n\n<p>La important tasca de refor\u00e7 que suposar\u00e0 l&#8217;increment de personal en mat\u00e8ria de prevenci\u00f3 per part de les brigades &#8220;comportar\u00e0 tamb\u00e9 un acoblament de manera ordenada, amb una reorganitzaci\u00f3 a mitj\u00e0 termini per optimitzar els recursos; augmentar la capacitat del servei; i enfortir els procediments&#8221; ha incidit Maria Josep Amig\u00f3.<\/p>\n\n\n\n<p>Cal recordar que les compet\u00e8ncies dels bombers i les bomberes estan marcades per llei i l&#8217;acc\u00e9s a la categoria de bomber tamb\u00e9 est\u00e0 reglada mitjan\u00e7ant una oposici\u00f3, per tant, la inclusi\u00f3 de les brigades al Consorci deu respectar escrupolosament el que marca la legislaci\u00f3 vigent.<\/p>\n\n\n\n<p>&#8220;Tenim un full de ruta clar per redimensionar el Consorci que comen\u00e7a per la planificaci\u00f3 organitzativa i administrativa, i que implica obtenir el millor futur per al Consorci de Bombers i donar un millor servei a la ciutadania&#8221; ha assegurat la presidenta del Consorci i vicepresidenta de la Diputaci\u00f3, Maria Josep Amig\u00f3.<\/p>\n\n\n\n<p>Aquest trasp\u00e0s de treballadors de l&#8217;antiga Divalterra suposa l&#8217;\u00faltim pas previ al tancament ordenat i definitiu de l&#8217;empresa p\u00fablica iniciat l&#8217;any passat treballant per realitzar el trasp\u00e0s ordenat de personal i compet\u00e8ncies, amb el doble objectiu que els serveis de les Brigades continuaren oferint-se des de la Diputaci\u00f3 i el Consorci de Bombers; i que els treballadors i treballadors mantingueren els seus llocs de treball en les mateixes condicions despr\u00e9s de la subrogaci\u00f3 dels seus contractes.<\/p>\n\n\n\n<p>En aquest sentit, i despr\u00e9s de la celebraci\u00f3 de la convocat\u00f2ria de la taula de negociaci\u00f3 en el Consorci de Bombers, la majoria de la plantilla de les brigades s&#8217;integra dins del Consorci Provincial de Bombers, tret prop d&#8217;un centenar de persones que van decidir acollir-se a les baixes de manera volunt\u00e0ria i una altra part que ho far\u00e0 en la Diputaci\u00f3.<\/p>\n\n\n\n<p><\/p>\n","protected":false},"excerpt":{"rendered":"<div class=\"mh-excerpt\">El Consorci de Bombers de Val\u00e8ncia assumeix hui a la plantilla de les Brigades de la Diputaci\u00f3. La presidenta del Consorci i vicepresidenta de la Diputaci\u00f3, Maria Josep Amig\u00f3, emfatitza el potenciament del servei amb <a class=\"mh-excerpt-more\" href=\"https:\/\/www.tucomarca.com\/wordpress\/segunda\/ca\/les-brigades-de-la-diputacio-entren-en-el-consorci-de-bombers\/\" title=\"Les Brigades de la Diputaci\u00f3 entren en el Consorci de Bombers\">[+] <\/a><\/div>\n","protected":false},"author":12,"featured_media":147549,"comment_status":"open","ping_status":"open","sticky":false,"template":"","format":"standard","meta":{"footnotes":""},"categories":[10890,11046,10898,10948,10963,10894,10904,10903,10947,10896],"tags":[16242,12834,11246],"class_list":{"0":"post-147553","1":"post","2":"type-post","3":"status-publish","4":"format-standard","5":"has-post-thumbnail","7":"category-ademus","8":"category-los-serranos-ca","9":"category-ventana-ca","10":"category-infraestructuras-ca","11":"category-la-canal-de-navarres-ca","12":"category-la-comarca-ca","13":"category-sin-categorizar-ca","14":"category-medio-ambiente-la-comarca-ca","15":"category-politica","16":"category-seccion-ca","17":"tag-brigadas-de-la-diputacion-ca","18":"tag-consorcio-provincial-de-bomberos-de-valencia-ca","19":"tag-diputacio-de-valencia-ca"},"_links":{"self":[{"href":"https:\/\/www.tucomarca.com\/wordpress\/segunda\/ca\/wp-json\/wp\/v2\/posts\/147553","targetHints":{"allow":["GET"]}}],"collection":[{"href":"https:\/\/www.tucomarca.com\/wordpress\/segunda\/ca\/wp-json\/wp\/v2\/posts"}],"about":[{"href":"https:\/\/www.tucomarca.com\/wordpress\/segunda\/ca\/wp-json\/wp\/v2\/types\/post"}],"author":[{"embeddable":true,"href":"https:\/\/www.tucomarca.com\/wordpress\/segunda\/ca\/wp-json\/wp\/v2\/users\/12"}],"replies":[{"embeddable":true,"href":"https:\/\/www.tucomarca.com\/wordpress\/segunda\/ca\/wp-json\/wp\/v2\/comments?post=147553"}],"version-history":[{"count":0,"href":"https:\/\/www.tucomarca.com\/wordpress\/segunda\/ca\/wp-json\/wp\/v2\/posts\/147553\/revisions"}],"wp:featuredmedia":[{"embeddable":true,"href":"https:\/\/www.tucomarca.com\/wordpress\/segunda\/ca\/wp-json\/wp\/v2\/media\/147549"}],"wp:attachment":[{"href":"https:\/\/www.tucomarca.com\/wordpress\/segunda\/ca\/wp-json\/wp\/v2\/media?parent=147553"}],"wp:term":[{"taxonomy":"category","embeddable":true,"href":"https:\/\/www.tucomarca.com\/wordpress\/segunda\/ca\/wp-json\/wp\/v2\/categories?post=147553"},{"taxonomy":"post_tag","embeddable":true,"href":"https:\/\/www.tucomarca.com\/wordpress\/segunda\/ca\/wp-json\/wp\/v2\/tags?post=147553"}],"curies":[{"name":"wp","href":"https:\/\/api.w.org\/{rel}","templated":true}]}}