{"id":147631,"date":"2022-01-21T13:30:00","date_gmt":"2022-01-21T12:30:00","guid":{"rendered":"http:\/\/www.tucomarca.com\/wordpress\/segunda\/?p=147631"},"modified":"2022-01-21T14:31:50","modified_gmt":"2022-01-21T13:31:50","slug":"turis-continua-amb-la-renovacio-i-millora-de-les-vies-publiques","status":"publish","type":"post","link":"https:\/\/www.tucomarca.com\/wordpress\/segunda\/ca\/turis-continua-amb-la-renovacio-i-millora-de-les-vies-publiques\/","title":{"rendered":"Tur\u00eds continua amb la renovaci\u00f3 i millora de les vies p\u00fabliques"},"content":{"rendered":"\n<p>L\u2019Ajuntament de Tur\u00eds continua amb la tasca progressiva de renovaci\u00f3 i millora de les vies. En este cas s\u2019ha renovat el paviment en el carrer Fundadores Caixa Rural i en bona part del carrer Tio Romo.<\/p>\n\n\n\n<p>Tamb\u00e9 s\u2019ha substituit el panel amb la guia de carrers instal\u00b7lat a l\u2019entrada de la urbanitzaci\u00f3&nbsp;Canyapar. L\u2019anterior s\u2019havia destru\u00eft a conseq\u00fc\u00e8ncia d\u2019un incendi fortu\u00eft generat per unes deixalles de fem als contenidors pr\u00f2xims.<\/p>\n\n\n\n<figure class=\"wp-block-image size-large\"><img loading=\"lazy\" decoding=\"async\" width=\"1024\" height=\"576\" src=\"http:\/\/www.tucomarca.com\/wordpress\/segunda\/wp-content\/uploads\/2022\/01\/TurisVias2-1024x576.jpg\" alt=\"\" class=\"wp-image-147628\" srcset=\"https:\/\/www.tucomarca.com\/wordpress\/segunda\/wp-content\/uploads\/2022\/01\/TurisVias2-1024x576.jpg 1024w, https:\/\/www.tucomarca.com\/wordpress\/segunda\/wp-content\/uploads\/2022\/01\/TurisVias2-300x169.jpg 300w, https:\/\/www.tucomarca.com\/wordpress\/segunda\/wp-content\/uploads\/2022\/01\/TurisVias2-768x432.jpg 768w, https:\/\/www.tucomarca.com\/wordpress\/segunda\/wp-content\/uploads\/2022\/01\/TurisVias2-678x381.jpg 678w, https:\/\/www.tucomarca.com\/wordpress\/segunda\/wp-content\/uploads\/2022\/01\/TurisVias2.jpg 1181w\" sizes=\"auto, (max-width: 1024px) 100vw, 1024px\" \/><\/figure>\n","protected":false},"excerpt":{"rendered":"<div class=\"mh-excerpt\">L\u2019Ajuntament de Tur\u00eds continua amb la tasca progressiva de renovaci\u00f3 i millora de les vies. En este cas s\u2019ha renovat el paviment en el carrer Fundadores Caixa Rural i en bona part del carrer Tio <a class=\"mh-excerpt-more\" href=\"https:\/\/www.tucomarca.com\/wordpress\/segunda\/ca\/turis-continua-amb-la-renovacio-i-millora-de-les-vies-publiques\/\" title=\"Tur\u00eds continua amb la renovaci\u00f3 i millora de les vies p\u00fabliques\">[+] <\/a><\/div>\n","protected":false},"author":12,"featured_media":147627,"comment_status":"open","ping_status":"open","sticky":false,"template":"","format":"standard","meta":{"footnotes":""},"categories":[10948,10894,10902,10947,10896,11047],"tags":[16244,11356,11093],"class_list":{"0":"post-147631","1":"post","2":"type-post","3":"status-publish","4":"format-standard","5":"has-post-thumbnail","7":"category-infraestructuras-ca","8":"category-la-comarca-ca","9":"category-la-ribera-ca","10":"category-politica","11":"category-seccion-ca","12":"category-turis-ca","13":"tag-mejora-de-las-via-publicas-ca","14":"tag-ribera-alta-ca","15":"tag-turis-ca"},"_links":{"self":[{"href":"https:\/\/www.tucomarca.com\/wordpress\/segunda\/ca\/wp-json\/wp\/v2\/posts\/147631","targetHints":{"allow":["GET"]}}],"collection":[{"href":"https:\/\/www.tucomarca.com\/wordpress\/segunda\/ca\/wp-json\/wp\/v2\/posts"}],"about":[{"href":"https:\/\/www.tucomarca.com\/wordpress\/segunda\/ca\/wp-json\/wp\/v2\/types\/post"}],"author":[{"embeddable":true,"href":"https:\/\/www.tucomarca.com\/wordpress\/segunda\/ca\/wp-json\/wp\/v2\/users\/12"}],"replies":[{"embeddable":true,"href":"https:\/\/www.tucomarca.com\/wordpress\/segunda\/ca\/wp-json\/wp\/v2\/comments?post=147631"}],"version-history":[{"count":0,"href":"https:\/\/www.tucomarca.com\/wordpress\/segunda\/ca\/wp-json\/wp\/v2\/posts\/147631\/revisions"}],"wp:featuredmedia":[{"embeddable":true,"href":"https:\/\/www.tucomarca.com\/wordpress\/segunda\/ca\/wp-json\/wp\/v2\/media\/147627"}],"wp:attachment":[{"href":"https:\/\/www.tucomarca.com\/wordpress\/segunda\/ca\/wp-json\/wp\/v2\/media?parent=147631"}],"wp:term":[{"taxonomy":"category","embeddable":true,"href":"https:\/\/www.tucomarca.com\/wordpress\/segunda\/ca\/wp-json\/wp\/v2\/categories?post=147631"},{"taxonomy":"post_tag","embeddable":true,"href":"https:\/\/www.tucomarca.com\/wordpress\/segunda\/ca\/wp-json\/wp\/v2\/tags?post=147631"}],"curies":[{"name":"wp","href":"https:\/\/api.w.org\/{rel}","templated":true}]}}