{"id":147663,"date":"2022-01-21T14:50:00","date_gmt":"2022-01-21T13:50:00","guid":{"rendered":"http:\/\/www.tucomarca.com\/wordpress\/segunda\/?p=147663"},"modified":"2022-01-21T14:53:02","modified_gmt":"2022-01-21T13:53:02","slug":"requena-inicia-els-treballs-de-poda-darbres-en-la-poblacio-i-les-seues-pedanies","status":"publish","type":"post","link":"https:\/\/www.tucomarca.com\/wordpress\/segunda\/ca\/requena-inicia-els-treballs-de-poda-darbres-en-la-poblacio-i-les-seues-pedanies\/","title":{"rendered":"Requena inicia els treballs de poda d&#8217;arbres en la poblaci\u00f3 i les seues pedanies"},"content":{"rendered":"\n<p>Han donat principi les labors de poda d&#8217;arbres a Requena i les seves pedanies per part de la brigada municipal, les brigades de parcs i jardins i de llogarets i una empresa espec\u00edfica que s&#8217;encarrega de zones concretes.<br>En l&#8217;actualitat, els treballs d&#8217;aquesta empresa s&#8217;estan centrant en la zona de l&#8217;Avinguda Raval, per a continuar despr\u00e9s amb Lamo d&#8217;Espinosa i l&#8217;Avinguda de l&#8217;Estaci\u00f3.<br>La poda que ja s&#8217;ha iniciat en aquests carrers busca principalment assegurar el futur de l&#8217;arbreda que inunda l&#8217;hist\u00f2ric passeig, amb diverses labors de manteniment i conservaci\u00f3 dels exemplars que estan situats en aquest. D&#8217;aquesta manera, per a dur a terme els treballs se seguiran uns criteris de millora sanit\u00e0ria de la massa, amb la finalitat d&#8217;assegurar la seva conservaci\u00f3.<br>Amb aquesta actuaci\u00f3 s&#8217;aconseguir\u00e0 sanejar la massa arb\u00f2ria, reduint la seva c\u00e0rrega, millorant aix\u00ed el seu estat sanitari i evitant tamb\u00e9 en gran manera els molestos problemes d&#8217;al\u00b7l\u00e8rgia en per\u00edode primaveral.<br>D&#8217;altra banda, la brigada municipal ha comen\u00e7at els treballs de poda en l&#8217;Avinguda Reines; la brigada de parcs i jardins s&#8217;ocupar\u00e0 de podar els arbres existents en aquestes ubicacions, \u00e9s a dir, als parcs i jardins de la localitat; i la brigada de llogarets tamb\u00e9 far\u00e0 el propi quant a poda d&#8217;arbres es refereix en les diferents pedanies del municipi. Informa, <strong>Luis Ib\u00e1\u00f1ez<\/strong>.<\/p>\n","protected":false},"excerpt":{"rendered":"<div class=\"mh-excerpt\">Han donat principi les labors de poda d&#8217;arbres a Requena i les seves pedanies per part de la brigada municipal, les brigades de parcs i jardins i de llogarets i una empresa espec\u00edfica que s&#8217;encarrega <a class=\"mh-excerpt-more\" href=\"https:\/\/www.tucomarca.com\/wordpress\/segunda\/ca\/requena-inicia-els-treballs-de-poda-darbres-en-la-poblacio-i-les-seues-pedanies\/\" title=\"Requena inicia els treballs de poda d&#8217;arbres en la poblaci\u00f3 i les seues pedanies\">[+] <\/a><\/div>\n","protected":false},"author":1,"featured_media":147660,"comment_status":"open","ping_status":"open","sticky":false,"template":"","format":"standard","meta":{"footnotes":""},"categories":[10948,10894,10903,10908,10909,10896],"tags":[13655,13519,10910],"class_list":{"0":"post-147663","1":"post","2":"type-post","3":"status-publish","4":"format-standard","5":"has-post-thumbnail","7":"category-infraestructuras-ca","8":"category-la-comarca-ca","9":"category-medio-ambiente-la-comarca-ca","10":"category-requena-ca","11":"category-requena-utiel-ca","12":"category-seccion-ca","13":"tag-arboles-ca","14":"tag-poda-ca","15":"tag-requena-utiel-ca"},"_links":{"self":[{"href":"https:\/\/www.tucomarca.com\/wordpress\/segunda\/ca\/wp-json\/wp\/v2\/posts\/147663","targetHints":{"allow":["GET"]}}],"collection":[{"href":"https:\/\/www.tucomarca.com\/wordpress\/segunda\/ca\/wp-json\/wp\/v2\/posts"}],"about":[{"href":"https:\/\/www.tucomarca.com\/wordpress\/segunda\/ca\/wp-json\/wp\/v2\/types\/post"}],"author":[{"embeddable":true,"href":"https:\/\/www.tucomarca.com\/wordpress\/segunda\/ca\/wp-json\/wp\/v2\/users\/1"}],"replies":[{"embeddable":true,"href":"https:\/\/www.tucomarca.com\/wordpress\/segunda\/ca\/wp-json\/wp\/v2\/comments?post=147663"}],"version-history":[{"count":0,"href":"https:\/\/www.tucomarca.com\/wordpress\/segunda\/ca\/wp-json\/wp\/v2\/posts\/147663\/revisions"}],"wp:featuredmedia":[{"embeddable":true,"href":"https:\/\/www.tucomarca.com\/wordpress\/segunda\/ca\/wp-json\/wp\/v2\/media\/147660"}],"wp:attachment":[{"href":"https:\/\/www.tucomarca.com\/wordpress\/segunda\/ca\/wp-json\/wp\/v2\/media?parent=147663"}],"wp:term":[{"taxonomy":"category","embeddable":true,"href":"https:\/\/www.tucomarca.com\/wordpress\/segunda\/ca\/wp-json\/wp\/v2\/categories?post=147663"},{"taxonomy":"post_tag","embeddable":true,"href":"https:\/\/www.tucomarca.com\/wordpress\/segunda\/ca\/wp-json\/wp\/v2\/tags?post=147663"}],"curies":[{"name":"wp","href":"https:\/\/api.w.org\/{rel}","templated":true}]}}