{"id":147961,"date":"2022-01-26T19:00:00","date_gmt":"2022-01-26T18:00:00","guid":{"rendered":"http:\/\/www.tucomarca.com\/wordpress\/segunda\/?p=147961"},"modified":"2022-01-26T19:12:41","modified_gmt":"2022-01-26T18:12:41","slug":"sanitat-registra-18-561-nous-casos-de-coronavirus-i-39-defuncions-en-la-comunitat-en-les-ultimes-24-hores","status":"publish","type":"post","link":"https:\/\/www.tucomarca.com\/wordpress\/segunda\/ca\/sanitat-registra-18-561-nous-casos-de-coronavirus-i-39-defuncions-en-la-comunitat-en-les-ultimes-24-hores\/","title":{"rendered":"Sanitat registra 18.561 nous casos de coronavirus i 39 defuncions en la Comunitat en les \u00faltimes 24 hores"},"content":{"rendered":"\n<p><strong>Per prov\u00edncies, s&#8217;han registrat 1.604 positius a Castell\u00f3, 5.478 a Alacant, 11.478 a Val\u00e8ncia i 1 no assignat<\/strong><\/p>\n\n\n\n<p><strong>Els hospitals valencians tenen 1.860 persones ingressades, 199 d&#8217;elles en l&#8217;UCI. S&#8217;han registrat 3.257 m\u00e9s altes que casos<\/strong>.<\/p>\n\n\n\n<p>La Conselleria de Sanitat Universal i Salut P\u00fablica ha notificat un total de 18.561 nous casos de coronavirus confirmats per prova *PCR o a trav\u00e9s de test d&#8217;ant\u00edgens. Amb aquesta actualitzaci\u00f3, la xifra total de positius se situa en 1.042.143. Els nous casos per prov\u00edncies s\u00f3n 1.604 a Castell\u00f3 (129.632 en total), 5.478 a Alacant (369.980), 11.478 a Val\u00e8ncia (542.528) i 1 sense assignar, amb el que xifra total de casos no assignats ascendeix a 3.<\/p>\n\n\n\n<p>D&#8217;altra banda, s&#8217;han registrat 21.818 altes a pacients amb coronavirus, la qual cosa representa 3.257 m\u00e9s altes que casos. D&#8217;aquesta manera, el nombre de persones que han superat la malaltia des que va comen\u00e7ar la pand\u00e8mia en la Comunitat Valenciana ascendeix a 837.068 persones. Per prov\u00edncies, les altes es distribueixen aix\u00ed: 98.582 a Castell\u00f3, 299.547 a Alacant i 438.882 a Val\u00e8ncia. El total d&#8217;altes no assignades es mant\u00e9 en 57.<\/p>\n\n\n\n<p>Els hospitals valencians tenen, actualment, 1.860 persones ingressades, 199 d&#8217;elles en l&#8217;UCI: 259 a la prov\u00edncia de Castell\u00f3, 25 en UCI; 612 a la prov\u00edncia d&#8217;Alacant, 68 d&#8217;elles en l&#8217;UCI; i 989 a la prov\u00edncia de Val\u00e8ncia, 106 en UCI.<\/p>\n\n\n\n<p>S&#8217;han notificat 39 defuncions per coronavirus des de l&#8217;\u00faltima actualitzaci\u00f3. Es tracta de 19 dones, d&#8217;entre 56 i 101 anys, i 20 homes, d&#8217;entre 53 i 95 anys. Totes les defuncions s\u00f3n de l&#8217;\u00faltima setmana. El total de decessos des de l&#8217;inici de la pand\u00e8mia ascendeix a 8.480: 967 a la prov\u00edncia de Castell\u00f3, 3.254 en la d&#8217;Alacant i 4.259 en la de Val\u00e8ncia.<\/p>\n\n\n\n<p>D&#8217;acord amb les dades registrades, en aquests moments hi ha 208.036 casos actius, la qual cosa suposa un 19,75% del total de positius.<\/p>\n","protected":false},"excerpt":{"rendered":"<div class=\"mh-excerpt\">Per prov\u00edncies, s&#8217;han registrat 1.604 positius a Castell\u00f3, 5.478 a Alacant, 11.478 a Val\u00e8ncia i 1 no assignat Els hospitals valencians tenen 1.860 persones ingressades, 199 d&#8217;elles en l&#8217;UCI. S&#8217;han registrat 3.257 m\u00e9s altes que <a class=\"mh-excerpt-more\" href=\"https:\/\/www.tucomarca.com\/wordpress\/segunda\/ca\/sanitat-registra-18-561-nous-casos-de-coronavirus-i-39-defuncions-en-la-comunitat-en-les-ultimes-24-hores\/\" title=\"Sanitat registra 18.561 nous casos de coronavirus i 39 defuncions en la Comunitat en les \u00faltimes 24 hores\">[+] <\/a><\/div>\n","protected":false},"author":1,"featured_media":146074,"comment_status":"open","ping_status":"open","sticky":false,"template":"","format":"standard","meta":{"footnotes":""},"categories":[11010,12202,10898,10948,10894,10904,10903,10947,10896,10897],"tags":[11939,11940,16164,16215,13963,13932],"class_list":{"0":"post-147961","1":"post","2":"type-post","3":"status-publish","4":"format-standard","5":"has-post-thumbnail","7":"category-canal-salud","8":"category-covid-19-ca","9":"category-ventana-ca","10":"category-infraestructuras-ca","11":"category-la-comarca-ca","12":"category-sin-categorizar-ca","13":"category-medio-ambiente-la-comarca-ca","14":"category-politica","15":"category-seccion-ca","16":"category-sucesos-la-comarca-ca","17":"tag-coronavirus-ca","18":"tag-covid-19-ca","19":"tag-sexta-ca","20":"tag-sexta-ola-ca","21":"tag-vacunacion-ca","22":"tag-vacunas-ca"},"_links":{"self":[{"href":"https:\/\/www.tucomarca.com\/wordpress\/segunda\/ca\/wp-json\/wp\/v2\/posts\/147961","targetHints":{"allow":["GET"]}}],"collection":[{"href":"https:\/\/www.tucomarca.com\/wordpress\/segunda\/ca\/wp-json\/wp\/v2\/posts"}],"about":[{"href":"https:\/\/www.tucomarca.com\/wordpress\/segunda\/ca\/wp-json\/wp\/v2\/types\/post"}],"author":[{"embeddable":true,"href":"https:\/\/www.tucomarca.com\/wordpress\/segunda\/ca\/wp-json\/wp\/v2\/users\/1"}],"replies":[{"embeddable":true,"href":"https:\/\/www.tucomarca.com\/wordpress\/segunda\/ca\/wp-json\/wp\/v2\/comments?post=147961"}],"version-history":[{"count":0,"href":"https:\/\/www.tucomarca.com\/wordpress\/segunda\/ca\/wp-json\/wp\/v2\/posts\/147961\/revisions"}],"wp:featuredmedia":[{"embeddable":true,"href":"https:\/\/www.tucomarca.com\/wordpress\/segunda\/ca\/wp-json\/wp\/v2\/media\/146074"}],"wp:attachment":[{"href":"https:\/\/www.tucomarca.com\/wordpress\/segunda\/ca\/wp-json\/wp\/v2\/media?parent=147961"}],"wp:term":[{"taxonomy":"category","embeddable":true,"href":"https:\/\/www.tucomarca.com\/wordpress\/segunda\/ca\/wp-json\/wp\/v2\/categories?post=147961"},{"taxonomy":"post_tag","embeddable":true,"href":"https:\/\/www.tucomarca.com\/wordpress\/segunda\/ca\/wp-json\/wp\/v2\/tags?post=147961"}],"curies":[{"name":"wp","href":"https:\/\/api.w.org\/{rel}","templated":true}]}}