{"id":148123,"date":"2022-01-29T10:03:00","date_gmt":"2022-01-29T09:03:00","guid":{"rendered":"http:\/\/www.tucomarca.com\/wordpress\/segunda\/?p=148123"},"modified":"2022-01-31T11:19:24","modified_gmt":"2022-01-31T10:19:24","slug":"el-consell-aprova-les-obres-dadequacio-del-sistema-de-climatitzacio-dels-centres-labora-de-sueca-silla-catarroja-lliria-castello-aiora-i-xelva","status":"publish","type":"post","link":"https:\/\/www.tucomarca.com\/wordpress\/segunda\/ca\/el-consell-aprova-les-obres-dadequacio-del-sistema-de-climatitzacio-dels-centres-labora-de-sueca-silla-catarroja-lliria-castello-aiora-i-xelva\/","title":{"rendered":"El Consell aprova les obres d&#8217;adequaci\u00f3 del sistema de climatitzaci\u00f3 dels centres Labora de Sueca, Silla, Catarroja, Ll\u00edria, Castell\u00f3, Aiora i Xelva"},"content":{"rendered":"\n<p><strong>Les obres es duran a terme en el Centre Labora de Novelda i en els Espais Labora de Sueca, Silla, Catarroja, Ll\u00edria, Castell\u00f3 de la Plana, Aiora i Xelva<\/strong><\/p>\n\n\n\n<p><strong>L&#8217;objectiu d&#8217;aquesta reforma \u00e9s l&#8217;adequaci\u00f3 del sistema de ventilaci\u00f3 i climatitzaci\u00f3 per a evitar la propagaci\u00f3 de la COVID-19<\/strong><\/p>\n\n\n\n<p>El Ple del Consell ha sigut informat de la contractaci\u00f3 de les obres per a l&#8217;adequaci\u00f3 en el sistema de ventilaci\u00f3 i climatitzaci\u00f3 per a evitar la propagaci\u00f3 de la COVID-19 en diferents centres Labora.<\/p>\n\n\n\n<p>Concretament es duran a terme obres en:<\/p>\n\n\n\n<ul class=\"wp-block-list\"><li>El Centre Labora de Novelda per un import del contracte \u00e9s de 31.610,91 euros (IVA incl\u00f2s) a c\u00e0rrec de l&#8217;empresa Anferval Manteniments S.L.<\/li><li>Els Espais Labora de Sueca, Silla, Catarroja i Ll\u00edria per un import de 39.693,26 euros (IVA incl\u00f2s) per part de l&#8217;empresa Invalec S.L.<\/li><li>Els Espais Labora de Castell\u00f3 de la Plana (al carrer Historiador Viciana), a Aiora i Xelva. L&#8217;import d&#8217;aquest contracte ascendeix a 67.180,79 euros (IVA incl\u00f2s) i li ha sigut encarregat a l&#8217;empresa Energer Energy H\u00f2lding S.L.<\/li><\/ul>\n\n\n\n<p>L&#8217;article 120 de la Llei de Contractes del Sector P\u00fablic estableix un r\u00e8gim excepcional quan l&#8217;Administraci\u00f3 haja d&#8217;actuar de manera immediata a causa d&#8217;esdeveniments catastr\u00f2fics.<\/p>\n\n\n\n<p>En aquestes situacions, l&#8217;\u00f2rgan de contractaci\u00f3 pot contractar lliurement el seu objecte, en tot o en part, i ha de donar compte d&#8217;aquests acords al Consell en el termini m\u00e0xim de trenta dies.<\/p>\n\n\n\n<p>D&#8217;altra banda, la Disposici\u00f3 Addicional Segona del Decret llei 1\/2020, de 27 de mar\u00e7, del Consell, determina que l&#8217;adopci\u00f3 de qualsevol classe de mesura directa o indirecta per part dels \u00f2rgans de l&#8217;Administraci\u00f3 del Consell per a fer front a la COVID-19 justificar\u00e0 la necessitat d&#8217;actuar de manera immediata.<\/p>\n\n\n\n<p>L&#8217;actual pand\u00e8mia del coronavirus COVID-19 ha exigit la incorporaci\u00f3 de precaucions i mesures de prevenci\u00f3 a implementar en tots els ordres i sectors del pa\u00eds.<\/p>\n\n\n\n<p>Es tracta de mesures encaminades a aconseguir la minimitzaci\u00f3 de riscos de contagi del virus, evitar possibles repunts de la malaltia i preservar en tot moment la salut i el benestar del conjunt de la ciutadania.<\/p>\n\n\n\n<p>Labora t\u00e9 al seu c\u00e0rrec l&#8217;impuls i execuci\u00f3 de la pol\u00edtica de la Generalitat en mat\u00e8ria d&#8217;intermediaci\u00f3 en el mercat de treball i d&#8217;orientaci\u00f3 laboral, i les pol\u00edtiques actives d&#8217;ocupaci\u00f3 i de formaci\u00f3 professional.<\/p>\n\n\n\n<p>Aquest organisme ha hagut tamb\u00e9 d&#8217;adaptar-se per a dur a terme les seues activitats en el marc de la realitat reflectida en el Pla per a la transici\u00f3 a una nova normalitat.<\/p>\n\n\n\n<p>Per tot aix\u00f2 \u00e9s indispensable adoptar, sense demora, mesures immediates i eficaces per a protegir la salut dels usuaris i del personal que exerceix els seus serveis en el Centre Labora de Novelda i en els Espais Labora de Sueca, Silla, Catarroja, Ll\u00edria, Castell\u00f3 de la Plana, Aiora i Xelva.<\/p>\n\n\n\n<p><\/p>\n","protected":false},"excerpt":{"rendered":"<div class=\"mh-excerpt\">Les obres es duran a terme en el Centre Labora de Novelda i en els Espais Labora de Sueca, Silla, Catarroja, Ll\u00edria, Castell\u00f3 de la Plana, Aiora i Xelva L&#8217;objectiu d&#8217;aquesta reforma \u00e9s l&#8217;adequaci\u00f3 del <a class=\"mh-excerpt-more\" href=\"https:\/\/www.tucomarca.com\/wordpress\/segunda\/ca\/el-consell-aprova-les-obres-dadequacio-del-sistema-de-climatitzacio-dels-centres-labora-de-sueca-silla-catarroja-lliria-castello-aiora-i-xelva\/\" title=\"El Consell aprova les obres d&#8217;adequaci\u00f3 del sistema de climatitzaci\u00f3 dels centres Labora de Sueca, Silla, Catarroja, Ll\u00edria, Castell\u00f3, Aiora i Xelva\">[+] <\/a><\/div>\n","protected":false},"author":12,"featured_media":148122,"comment_status":"open","ping_status":"open","sticky":false,"template":"","format":"standard","meta":{"footnotes":""},"categories":[10954,10951,10892,11039,11046,10948,10894,10928,10947,10896],"tags":[11216,10899,12683,11498,15325,11928,11485,11080,16300],"class_list":{"0":"post-148123","1":"post","2":"type-post","3":"status-publish","4":"format-standard","5":"has-post-thumbnail","7":"category-ayora-ca","8":"category-ayora-cofrentes-ca","9":"category-camp-de-turia-ca","10":"category-chelva-ca","11":"category-los-serranos-ca","12":"category-infraestructuras-ca","13":"category-la-comarca-ca","14":"category-lliria-ca","15":"category-politica","16":"category-seccion-ca","17":"tag-ayora-cofrentes-ca","18":"tag-camp-de-turia-ca","19":"tag-consell-ca","20":"tag-generalitat-valenciana-ca","21":"tag-gva-ca","22":"tag-la-serrania-ca","23":"tag-labora-ca","24":"tag-los-serranos-ca","25":"tag-ventilacion-ca"},"_links":{"self":[{"href":"https:\/\/www.tucomarca.com\/wordpress\/segunda\/ca\/wp-json\/wp\/v2\/posts\/148123","targetHints":{"allow":["GET"]}}],"collection":[{"href":"https:\/\/www.tucomarca.com\/wordpress\/segunda\/ca\/wp-json\/wp\/v2\/posts"}],"about":[{"href":"https:\/\/www.tucomarca.com\/wordpress\/segunda\/ca\/wp-json\/wp\/v2\/types\/post"}],"author":[{"embeddable":true,"href":"https:\/\/www.tucomarca.com\/wordpress\/segunda\/ca\/wp-json\/wp\/v2\/users\/12"}],"replies":[{"embeddable":true,"href":"https:\/\/www.tucomarca.com\/wordpress\/segunda\/ca\/wp-json\/wp\/v2\/comments?post=148123"}],"version-history":[{"count":0,"href":"https:\/\/www.tucomarca.com\/wordpress\/segunda\/ca\/wp-json\/wp\/v2\/posts\/148123\/revisions"}],"wp:featuredmedia":[{"embeddable":true,"href":"https:\/\/www.tucomarca.com\/wordpress\/segunda\/ca\/wp-json\/wp\/v2\/media\/148122"}],"wp:attachment":[{"href":"https:\/\/www.tucomarca.com\/wordpress\/segunda\/ca\/wp-json\/wp\/v2\/media?parent=148123"}],"wp:term":[{"taxonomy":"category","embeddable":true,"href":"https:\/\/www.tucomarca.com\/wordpress\/segunda\/ca\/wp-json\/wp\/v2\/categories?post=148123"},{"taxonomy":"post_tag","embeddable":true,"href":"https:\/\/www.tucomarca.com\/wordpress\/segunda\/ca\/wp-json\/wp\/v2\/tags?post=148123"}],"curies":[{"name":"wp","href":"https:\/\/api.w.org\/{rel}","templated":true}]}}