{"id":148162,"date":"2022-01-29T08:55:00","date_gmt":"2022-01-29T07:55:00","guid":{"rendered":"http:\/\/www.tucomarca.com\/wordpress\/segunda\/?p=148162"},"modified":"2022-01-31T11:15:55","modified_gmt":"2022-01-31T10:15:55","slug":"el-sector-ecologic-trasllada-les-seues-reivindicacions-a-la-conselleria-dagricultura","status":"publish","type":"post","link":"https:\/\/www.tucomarca.com\/wordpress\/segunda\/ca\/el-sector-ecologic-trasllada-les-seues-reivindicacions-a-la-conselleria-dagricultura\/","title":{"rendered":"El sector ecol\u00f2gic trasllada les seues reivindicacions a la conselleria d&#8217;Agricultura"},"content":{"rendered":"\n<p>El responsable de la sectorial d&#8217;agricultura ecol\u00f2gica de <em>AVA-<\/em>ASAJA, Vicente Faro, en qualitat de president del Comit\u00e8 d&#8217;Agricultura Ecol\u00f2gica (CAECV), va mantenir aquesta setmana una reuni\u00f3 amb la consellera d&#8217;Agricultura, Mireia Moll\u00e0 i el director general de Desenvolupament Rural, David Torres.<br>En la reuni\u00f3 es va presentar el nou Equip de Direcci\u00f3 del CAECV i s&#8217;ha ofert la plena col\u00b7laboraci\u00f3 per a l&#8217;execuci\u00f3 i desenvolupament de l&#8217;II Pla de Transici\u00f3 Agroecol\u00f2gica.<br>Aix\u00ed mateix, durant la trobada es van abordar aspectes relacionats amb l&#8217;aigua per a reg en cultius ecol\u00f2gics, la recerca i transfer\u00e8ncia tecnol\u00f2gica, la comercialitzaci\u00f3 i exportaci\u00f3 de productes ecol\u00f2gics, la ramaderia, l&#8217;agricultura i l&#8217;apicultura ecol\u00f2gica, aix\u00ed com la promoci\u00f3 del sector, l&#8217;increment del consum intern, la situaci\u00f3 del sector de l&#8217;arr\u00f2s o els inputs.<br>Entre la Conselleria i el CAECV s&#8217;ha acordat la posada en marxa d&#8217;una s\u00e8rie de comissions de seguiment per a buscar solucions a les diferents problem\u00e0tiques del sector. Informa, <strong>Luis Ib\u00e1\u00f1ez<\/strong>.<\/p>\n","protected":false},"excerpt":{"rendered":"<div class=\"mh-excerpt\">El responsable de la sectorial d&#8217;agricultura ecol\u00f2gica de AVA-ASAJA, Vicente Faro, en qualitat de president del Comit\u00e8 d&#8217;Agricultura Ecol\u00f2gica (CAECV), va mantenir aquesta setmana una reuni\u00f3 amb la consellera d&#8217;Agricultura, Mireia Moll\u00e0 i el director <a class=\"mh-excerpt-more\" href=\"https:\/\/www.tucomarca.com\/wordpress\/segunda\/ca\/el-sector-ecologic-trasllada-les-seues-reivindicacions-a-la-conselleria-dagricultura\/\" title=\"El sector ecol\u00f2gic trasllada les seues reivindicacions a la conselleria d&#8217;Agricultura\">[+] <\/a><\/div>\n","protected":false},"author":1,"featured_media":148160,"comment_status":"open","ping_status":"open","sticky":false,"template":"","format":"standard","meta":{"footnotes":""},"categories":[10890,10905,10951,10892,11046,10948,10963,10894,10904,10912,10902,10947,10909,10896],"tags":[11309,12995,15877,10910],"class_list":{"0":"post-148162","1":"post","2":"type-post","3":"status-publish","4":"format-standard","5":"has-post-thumbnail","7":"category-ademus","8":"category-agricultura-la-comarca-ca","9":"category-ayora-cofrentes-ca","10":"category-camp-de-turia-ca","11":"category-los-serranos-ca","12":"category-infraestructuras-ca","13":"category-la-canal-de-navarres-ca","14":"category-la-comarca-ca","15":"category-sin-categorizar-ca","16":"category-la-hoya-ca","17":"category-la-ribera-ca","18":"category-politica","19":"category-requena-utiel-ca","20":"category-seccion-ca","21":"tag-agricultura-ca","22":"tag-agricultura-ecologica-ca","23":"tag-ecologia-ca","24":"tag-requena-utiel-ca"},"_links":{"self":[{"href":"https:\/\/www.tucomarca.com\/wordpress\/segunda\/ca\/wp-json\/wp\/v2\/posts\/148162","targetHints":{"allow":["GET"]}}],"collection":[{"href":"https:\/\/www.tucomarca.com\/wordpress\/segunda\/ca\/wp-json\/wp\/v2\/posts"}],"about":[{"href":"https:\/\/www.tucomarca.com\/wordpress\/segunda\/ca\/wp-json\/wp\/v2\/types\/post"}],"author":[{"embeddable":true,"href":"https:\/\/www.tucomarca.com\/wordpress\/segunda\/ca\/wp-json\/wp\/v2\/users\/1"}],"replies":[{"embeddable":true,"href":"https:\/\/www.tucomarca.com\/wordpress\/segunda\/ca\/wp-json\/wp\/v2\/comments?post=148162"}],"version-history":[{"count":0,"href":"https:\/\/www.tucomarca.com\/wordpress\/segunda\/ca\/wp-json\/wp\/v2\/posts\/148162\/revisions"}],"wp:featuredmedia":[{"embeddable":true,"href":"https:\/\/www.tucomarca.com\/wordpress\/segunda\/ca\/wp-json\/wp\/v2\/media\/148160"}],"wp:attachment":[{"href":"https:\/\/www.tucomarca.com\/wordpress\/segunda\/ca\/wp-json\/wp\/v2\/media?parent=148162"}],"wp:term":[{"taxonomy":"category","embeddable":true,"href":"https:\/\/www.tucomarca.com\/wordpress\/segunda\/ca\/wp-json\/wp\/v2\/categories?post=148162"},{"taxonomy":"post_tag","embeddable":true,"href":"https:\/\/www.tucomarca.com\/wordpress\/segunda\/ca\/wp-json\/wp\/v2\/tags?post=148162"}],"curies":[{"name":"wp","href":"https:\/\/api.w.org\/{rel}","templated":true}]}}