{"id":148264,"date":"2022-02-01T13:30:00","date_gmt":"2022-02-01T12:30:00","guid":{"rendered":"http:\/\/www.tucomarca.com\/wordpress\/segunda\/?p=148264"},"modified":"2022-02-01T15:15:17","modified_gmt":"2022-02-01T14:15:17","slug":"igualtat-collaborara-amb-lajuntament-dalboraig-en-lorganitzacio-de-lii-festival-de-cinema-infantil-i-juvenil-pantalla-alboraig","status":"publish","type":"post","link":"https:\/\/www.tucomarca.com\/wordpress\/segunda\/ca\/igualtat-collaborara-amb-lajuntament-dalboraig-en-lorganitzacio-de-lii-festival-de-cinema-infantil-i-juvenil-pantalla-alboraig\/","title":{"rendered":"Igualtat col\u00b7laborar\u00e0 amb l&#8217;Ajuntament d&#8217;Alboraig en l&#8217;organitzaci\u00f3 de l&#8217;II festival de cinema infantil i juvenil &#8216;Pantalla Alboraig&#8217;"},"content":{"rendered":"\n<p><strong>La vicepresidenta s&#8217;ha reunit amb l&#8217;alcaldessa d&#8217;Alboraig, Paqui Collado<\/strong><\/p>\n\n\n\n<p><strong>Oltra confia que aquest projecte desemboqui en una col\u00b7laboraci\u00f3 estable amb el municipi a trav\u00e9s del Consell Local d&#8217;Inf\u00e0ncia<\/strong><\/p>\n\n\n\n<figure class=\"wp-block-image size-large\"><img loading=\"lazy\" decoding=\"async\" width=\"1024\" height=\"683\" src=\"http:\/\/www.tucomarca.com\/wordpress\/segunda\/wp-content\/uploads\/2022\/02\/OltraPantallaAlborache-1024x683.jpg\" alt=\"\" class=\"wp-image-148260\" srcset=\"https:\/\/www.tucomarca.com\/wordpress\/segunda\/wp-content\/uploads\/2022\/02\/OltraPantallaAlborache-1024x683.jpg 1024w, https:\/\/www.tucomarca.com\/wordpress\/segunda\/wp-content\/uploads\/2022\/02\/OltraPantallaAlborache-300x200.jpg 300w, https:\/\/www.tucomarca.com\/wordpress\/segunda\/wp-content\/uploads\/2022\/02\/OltraPantallaAlborache-768x512.jpg 768w, https:\/\/www.tucomarca.com\/wordpress\/segunda\/wp-content\/uploads\/2022\/02\/OltraPantallaAlborache-1536x1025.jpg 1536w, https:\/\/www.tucomarca.com\/wordpress\/segunda\/wp-content\/uploads\/2022\/02\/OltraPantallaAlborache-2048x1366.jpg 2048w\" sizes=\"auto, (max-width: 1024px) 100vw, 1024px\" \/><\/figure>\n\n\n\n<p>La vicepresidenta i consellera d&#8217;Igualtat i Pol\u00edtiques Inclusives, M\u00f3nica Oltra, s&#8217;ha reunit avui amb l&#8217;alcaldessa d&#8217;Alboraig, Paqui Collado, a la qual li ha traslladat que el seu Departament col\u00b7laborar\u00e0 en l&#8217;organitzaci\u00f3 de l&#8217;II Festival Internacional de Cinema Infantil i Juvenil en el medi rural &#8216;Pantalla Alboraig&#8217;.<\/p>\n\n\n\n<p>Oltra ha agra\u00eft a l&#8217;alcaldessa la seua &#8220;disponibilitat i creativitat&#8221; amb la promoci\u00f3 d&#8217;aquest projecte, &#8220;un cicle de cinema infantil i juvenil en el qual, en principi, volem implicar les nenes i els nens que viuen en l&#8217;Alberg Torre d&#8217;Alboraig&#8221;.<\/p>\n\n\n\n<p>Per part seva, l&#8217;alcaldessa d&#8217;Alboraig, *Paqui Collado, ha subratllat que li ha plantejat a M\u00f3nica Oltra &#8220;la col\u00b7laboraci\u00f3 m\u00fatua que suposa entre l&#8217;alberg Torre d&#8217;Alboraig i els xavals que hi ha all\u00ed, amb la integraci\u00f3 que representa en aquest aspecte perqu\u00e8 participin i sigui un tema transversal; juntament amb els xavals del col\u00b7legi i el suport que necessitem des de les Administracions superiors&#8221;.<\/p>\n\n\n\n<p>&#8220;D&#8217;aqu\u00ed ve que la nostra entrevista tamb\u00e9 tenia per objecte el comptar amb suport econ\u00f2mic des d&#8217;Igualtat perqu\u00e8 ens donin suport en aquesta l\u00ednia&#8221;, ha afegit Paqui Collado.<\/p>\n\n\n\n<p>El Festival &#8216;Pantalla Alboraig&#8217; es tracta d&#8217;una activitat que &#8220;obre una oportunitat&#8221; per a aquests nois i noies de &#8220;buscar vocacions, de ser voluntaris i volunt\u00e0ries, de socialitzar, de formar-se, d&#8217;accedir a la cultura proposant quin tipus de cinema volen per a aquest cicle&#8221;, que, en el cas de les persones menors d&#8217;origen migrant, pot servir per a &#8220;connectar les cultures de les dues ribes del Mediterrani&#8221;, ha apuntat.<\/p>\n\n\n\n<p>D&#8217;altra banda, la vicepresidenta ha assenyalat que aquest projecte pret\u00e9n tamb\u00e9 &#8220;implicar a tota la poblaci\u00f3 infantil i juvenil d&#8217;Alboraig, perqu\u00e8 se sentin protagonistes de la vida cultural del municipi.&#8221;<\/p>\n\n\n\n<p>En aquest sentit, ha ressaltat que la col\u00b7laboraci\u00f3 en l&#8217;organitzaci\u00f3 del Festival &#8220;una oportunitat per a una col\u00b7laboraci\u00f3 m\u00e9s estable i permanent amb Alboraig, mitjan\u00e7ant la creaci\u00f3 de Consell Local d&#8217;Inf\u00e0ncia i Adolesc\u00e8ncia&#8221;, perqu\u00e8 els nens i nenes d&#8217;aquesta localitat tinguin un paper actiu en les decisions pol\u00edtiques que es prenen en la seva localitat&#8221;.<\/p>\n\n\n\n<p>Finalment, Oltra ha aprofitat aquesta reuni\u00f3 per a agrair als ve\u00efns i ve\u00efnes de la localitat la forma &#8220;harm\u00f2nica&#8221; amb la qual s&#8217;ha acollit el centre d&#8217;atenci\u00f3 a menors Alberg Torre d&#8217;Alboraig i el bon enteniment que s&#8217;est\u00e0 donant entre la Conselleria i el municipi gr\u00e0cies a una bona gesti\u00f3 i al fet que la poblaci\u00f3 s&#8217;ha adonat que el centre \u00e9s una oportunitat per al municipi.<\/p>\n\n\n\n<p>El Festival Internacional de Cinema Infantil i Juvenil en el medi rural &#8216;Pantalla Alboraig&#8217; va celebrar en 2021 la seva primera edici\u00f3, impulsat per l&#8217;Ajuntament de la localitat amb el suport de diferents empreses, particulars i institucions a les quals ara se sumar\u00e0 la Conselleria d&#8217;Igualtat i Pol\u00edtiques Inclusives.<\/p>\n\n\n\n<p>L&#8217;objectiu del certamen \u00e9s reivindicar la necessitat de programar activitats culturals per als m\u00e9s petits en el m\u00f3n rural, tant per a donar una oferta cultural de qualitat als propis ve\u00efns i ve\u00efnes d&#8217;Alboraig i la seva comarca com per a convertir-se en un al\u00b7licient tur\u00edstic.<\/p>\n\n\n\n<p>Tota la programaci\u00f3 de &#8216;Pantalla Alboraig&#8217; ofereix pel\u00b7l\u00edcules, xerrades i activitats compromeses amb visibilitzar tem\u00e0tiques socials, posant el focus en el tractament de la inf\u00e0ncia i l&#8217;adolesc\u00e8ncia.<\/p>\n","protected":false},"excerpt":{"rendered":"<div class=\"mh-excerpt\">La vicepresidenta s&#8217;ha reunit amb l&#8217;alcaldessa d&#8217;Alboraig, Paqui Collado Oltra confia que aquest projecte desemboqui en una col\u00b7laboraci\u00f3 estable amb el municipi a trav\u00e9s del Consell Local d&#8217;Inf\u00e0ncia La vicepresidenta i consellera d&#8217;Igualtat i Pol\u00edtiques <a class=\"mh-excerpt-more\" href=\"https:\/\/www.tucomarca.com\/wordpress\/segunda\/ca\/igualtat-collaborara-amb-lajuntament-dalboraig-en-lorganitzacio-de-lii-festival-de-cinema-infantil-i-juvenil-pantalla-alboraig\/\" title=\"Igualtat col\u00b7laborar\u00e0 amb l&#8217;Ajuntament d&#8217;Alboraig en l&#8217;organitzaci\u00f3 de l&#8217;II festival de cinema infantil i juvenil &#8216;Pantalla Alboraig&#8217;\">[+] <\/a><\/div>\n","protected":false},"author":1,"featured_media":148291,"comment_status":"open","ping_status":"open","sticky":false,"template":"","format":"standard","meta":{"footnotes":""},"categories":[10973,10898,10948,10894,10904,10912,11007,10947,10896],"tags":[11224,14606,10914,13368],"class_list":{"0":"post-148264","1":"post","2":"type-post","3":"status-publish","4":"format-standard","5":"has-post-thumbnail","7":"category-alborache-ca","8":"category-ventana-ca","9":"category-infraestructuras-ca","10":"category-la-comarca-ca","11":"category-sin-categorizar-ca","12":"category-la-hoya-ca","13":"category-ocio-y-cultura-ca","14":"category-politica","15":"category-seccion-ca","16":"tag-alborache-ca","17":"tag-festival-pantalla-alborache-ca","18":"tag-la-hoya-de-bunol-chiva-ca","19":"tag-monica-oltra-ca"},"_links":{"self":[{"href":"https:\/\/www.tucomarca.com\/wordpress\/segunda\/ca\/wp-json\/wp\/v2\/posts\/148264","targetHints":{"allow":["GET"]}}],"collection":[{"href":"https:\/\/www.tucomarca.com\/wordpress\/segunda\/ca\/wp-json\/wp\/v2\/posts"}],"about":[{"href":"https:\/\/www.tucomarca.com\/wordpress\/segunda\/ca\/wp-json\/wp\/v2\/types\/post"}],"author":[{"embeddable":true,"href":"https:\/\/www.tucomarca.com\/wordpress\/segunda\/ca\/wp-json\/wp\/v2\/users\/1"}],"replies":[{"embeddable":true,"href":"https:\/\/www.tucomarca.com\/wordpress\/segunda\/ca\/wp-json\/wp\/v2\/comments?post=148264"}],"version-history":[{"count":0,"href":"https:\/\/www.tucomarca.com\/wordpress\/segunda\/ca\/wp-json\/wp\/v2\/posts\/148264\/revisions"}],"wp:featuredmedia":[{"embeddable":true,"href":"https:\/\/www.tucomarca.com\/wordpress\/segunda\/ca\/wp-json\/wp\/v2\/media\/148291"}],"wp:attachment":[{"href":"https:\/\/www.tucomarca.com\/wordpress\/segunda\/ca\/wp-json\/wp\/v2\/media?parent=148264"}],"wp:term":[{"taxonomy":"category","embeddable":true,"href":"https:\/\/www.tucomarca.com\/wordpress\/segunda\/ca\/wp-json\/wp\/v2\/categories?post=148264"},{"taxonomy":"post_tag","embeddable":true,"href":"https:\/\/www.tucomarca.com\/wordpress\/segunda\/ca\/wp-json\/wp\/v2\/tags?post=148264"}],"curies":[{"name":"wp","href":"https:\/\/api.w.org\/{rel}","templated":true}]}}