{"id":148272,"date":"2022-02-01T13:05:00","date_gmt":"2022-02-01T12:05:00","guid":{"rendered":"http:\/\/www.tucomarca.com\/wordpress\/segunda\/?p=148272"},"modified":"2022-02-01T14:52:50","modified_gmt":"2022-02-01T13:52:50","slug":"csif-es-concentra-davant-lhospital-per-a-reclamar-reforcos-urgents-de-personal-en-el-departament-de-salut-de-la-ribera","status":"publish","type":"post","link":"https:\/\/www.tucomarca.com\/wordpress\/segunda\/ca\/csif-es-concentra-davant-lhospital-per-a-reclamar-reforcos-urgents-de-personal-en-el-departament-de-salut-de-la-ribera\/","title":{"rendered":"CSIF es concentra davant l&#8217;hospital per a reclamar refor\u00e7os urgents de personal en el departament de salut de la Ribera"},"content":{"rendered":"\n<h4 class=\"wp-block-heading\">El sindicat avisa que la plantilla \u201ces troba extenuada, amb les plantes hospital\u00e0ries i els centres de salut sota m\u00ednims\u201d<\/h4>\n\n\n\n<p>El sindicat CSIF s&#8217;ha concentrat avui davant l&#8217;hospital d&#8217;Alzira per a denunciar &#8220;la falta de personal i les condicions de precarietat laboral que sofreixen els professionals del departament de salut de la Ribera&#8221;. La concentraci\u00f3 l&#8217;ha convocat el comit\u00e8 d&#8217;empresa, que presideix CSIF, i s&#8217;ha desenvolupat davant la porta del recinte hospitalari de 12 a 12,15 hores.<br>La Central Sindical Independent i de Funcionaris (CSIF) explica que \u201cel personal es troba extenuat, amb les plantes de l&#8217;hospital i els centres de salut sota m\u00ednims\u201d. En aquest sentit assenyala que, per exemple, solament un t\u00e8cnic de cures auxiliars d&#8217;infermeria (TCAE) at\u00e9n de nit una planta, o que arriba a haver-hi dues infermeres per torn per a tractar a 50 pacients.<br>El sindicat apunta tamb\u00e9 que \u201cel personal contractat com a refor\u00e7 covid s&#8217;est\u00e0 utilitzant en la pr\u00e0ctica per a cobrir baixes i incid\u00e8ncies del dia a dia en lloc de per a refor\u00e7ar una plantilla infradotada les mancances de la qual estan quedant molt en evid\u00e8ncia amb la pand\u00e8mia\u201d.<br>La central sindical recalca, en aquesta l\u00ednia, que \u201cno es produeix una contractaci\u00f3 de personal per a cobrir baixes\u201d. Tot aix\u00f2 condueix a una saturaci\u00f3 que arriba a provocar que \u201cestiguin renunciant treballadors a llocs fixos i que hi hagi persones que es desactivin de bossa perqu\u00e8 prefereixen assumir la sanci\u00f3 al fet que els cridin en la situaci\u00f3 actual i no poder treballar de manera adequada\u201d.<br>CSIF insisteix en \u201cl&#8217;angoixa i la impot\u00e8ncia dels professionals que no poden realitzar la seua labor amb els mitjans necessaris\u201d. La central sindical urgeix a Ger\u00e8ncia del departament de salut i a Conselleria al fet que \u201cdimensionin la plantilla de manera que pugui atendre la demanda actual dels usuaris\u201d. La central sindical considera imprescindible la creaci\u00f3 de 300 places estructurals en el departament per a afrontar amb garanties la situaci\u00f3 actual i oferir l&#8217;atenci\u00f3 a la ciutadania amb els mitjans necessaris.<\/p>\n","protected":false},"excerpt":{"rendered":"<div class=\"mh-excerpt\">El sindicat avisa que la plantilla \u201ces troba extenuada, amb les plantes hospital\u00e0ries i els centres de salut sota m\u00ednims\u201d El sindicat CSIF s&#8217;ha concentrat avui davant l&#8217;hospital d&#8217;Alzira per a denunciar &#8220;la falta de <a class=\"mh-excerpt-more\" href=\"https:\/\/www.tucomarca.com\/wordpress\/segunda\/ca\/csif-es-concentra-davant-lhospital-per-a-reclamar-reforcos-urgents-de-personal-en-el-departament-de-salut-de-la-ribera\/\" title=\"CSIF es concentra davant l&#8217;hospital per a reclamar refor\u00e7os urgents de personal en el departament de salut de la Ribera\">[+] <\/a><\/div>\n","protected":false},"author":1,"featured_media":148270,"comment_status":"open","ping_status":"open","sticky":false,"template":"","format":"standard","meta":{"footnotes":""},"categories":[10889,11010,10898,10948,10894,10904,10902,10947,10896,10897],"tags":[11192,12838,12491,11077],"class_list":{"0":"post-148272","1":"post","2":"type-post","3":"status-publish","4":"format-standard","5":"has-post-thumbnail","7":"category-alzira-cat","8":"category-canal-salud","9":"category-ventana-ca","10":"category-infraestructuras-ca","11":"category-la-comarca-ca","12":"category-sin-categorizar-ca","13":"category-la-ribera-ca","14":"category-politica","15":"category-seccion-ca","16":"category-sucesos-la-comarca-ca","17":"tag-alzira-ca","18":"tag-hospital-de-alzira-ca","19":"tag-hospital-de-la-ribera-ca","20":"tag-la-ribera-alta-ca"},"_links":{"self":[{"href":"https:\/\/www.tucomarca.com\/wordpress\/segunda\/ca\/wp-json\/wp\/v2\/posts\/148272","targetHints":{"allow":["GET"]}}],"collection":[{"href":"https:\/\/www.tucomarca.com\/wordpress\/segunda\/ca\/wp-json\/wp\/v2\/posts"}],"about":[{"href":"https:\/\/www.tucomarca.com\/wordpress\/segunda\/ca\/wp-json\/wp\/v2\/types\/post"}],"author":[{"embeddable":true,"href":"https:\/\/www.tucomarca.com\/wordpress\/segunda\/ca\/wp-json\/wp\/v2\/users\/1"}],"replies":[{"embeddable":true,"href":"https:\/\/www.tucomarca.com\/wordpress\/segunda\/ca\/wp-json\/wp\/v2\/comments?post=148272"}],"version-history":[{"count":0,"href":"https:\/\/www.tucomarca.com\/wordpress\/segunda\/ca\/wp-json\/wp\/v2\/posts\/148272\/revisions"}],"wp:featuredmedia":[{"embeddable":true,"href":"https:\/\/www.tucomarca.com\/wordpress\/segunda\/ca\/wp-json\/wp\/v2\/media\/148270"}],"wp:attachment":[{"href":"https:\/\/www.tucomarca.com\/wordpress\/segunda\/ca\/wp-json\/wp\/v2\/media?parent=148272"}],"wp:term":[{"taxonomy":"category","embeddable":true,"href":"https:\/\/www.tucomarca.com\/wordpress\/segunda\/ca\/wp-json\/wp\/v2\/categories?post=148272"},{"taxonomy":"post_tag","embeddable":true,"href":"https:\/\/www.tucomarca.com\/wordpress\/segunda\/ca\/wp-json\/wp\/v2\/tags?post=148272"}],"curies":[{"name":"wp","href":"https:\/\/api.w.org\/{rel}","templated":true}]}}