{"id":148394,"date":"2022-02-02T08:22:00","date_gmt":"2022-02-02T07:22:00","guid":{"rendered":"http:\/\/www.tucomarca.com\/wordpress\/segunda\/?p=148394"},"modified":"2022-02-03T18:48:57","modified_gmt":"2022-02-03T17:48:57","slug":"el-pp-critica-al-govern-local-de-bunyol-que-nomes-participe-un-13-de-la-ciutadania-en-el-nou-puam","status":"publish","type":"post","link":"https:\/\/www.tucomarca.com\/wordpress\/segunda\/ca\/el-pp-critica-al-govern-local-de-bunyol-que-nomes-participe-un-13-de-la-ciutadania-en-el-nou-puam\/","title":{"rendered":"El PP critica al govern local de Bunyol que &#8220;nom\u00e9s participe un 1,3% de la ciutadania en el nou PUAM&#8221;"},"content":{"rendered":"\n<p>&#8220;El govern hauria de considerar preocupant que la majoria dels desvetllaments i exig\u00e8ncies del poble de Bunyol concordin amb les de l&#8217;oposici\u00f3. Aix\u00ed ho hem vist a trav\u00e9s del Pla Urban\u00edstic d&#8217;Actuaci\u00f3 Municipal (PUAM)&#8221;, tal com han manifestat des del PP local.<\/p>\n\n\n\n<p>&#8220;En primer lloc, cal destacar en el Pla Urban\u00edstic d&#8217;Actuaci\u00f3 Municipal (*PUAM), nom\u00e9s ha participat un 1,3% de la ciutadania. Aix\u00f2 mostra l&#8217;apatia a la qual han portat al poble els actuals governants. En el PUAM durant l&#8217;an\u00e0lisi DAFO s&#8217;observa el descoratjament i desesperan\u00e7a que t\u00e9 la ciutadania en el nostre govern i les seves pol\u00edtiques&#8221;, afegeixen els populars.<\/p>\n\n\n\n<p>&#8220;Un dels seus apartats, literalment diu aix\u00ed: &#8216;sent Bunyol un municipi de poblaci\u00f3 majorit\u00e0riament envellida, la renovaci\u00f3 de la poblaci\u00f3 i el futur laboral per a evitar que la joventut marxi a altres localitats, \u00e9s important per a donar-li un futur al municipi.&#8217; Encara hi ha esperan\u00e7a?&#8221;, es pregunten des del PP bunyolense.<\/p>\n\n\n\n<p>&#8220;Creiem que s\u00ed, perqu\u00e8 es considera \u201cla naturalesa i entorn com el principal recurs que ofereix el municipi, seguit del seu patrimoni i cultura\u201d. No obstant aix\u00f2, aix\u00f2 es deu a la pr\u00f2pia idiosincr\u00e0sia del poble, i no a les pol\u00edtiques municipals&#8221;.<\/p>\n\n\n\n<p>&#8220;En segon lloc, hem constatat entre les cinc principals preocupacions destaquen: la falta d&#8217;oportunitats d&#8217;ocupaci\u00f3, l&#8217;ordenaci\u00f3 urban\u00edstica deficient, la neteja de carrers i parcs i la falta d&#8217;habitatge. Moltes d&#8217;aquestes exig\u00e8ncies ciutadanes portem diverses legislatures reivindicant-les&#8221;.<\/p>\n\n\n\n<p>&#8220;El PUAM t\u00e9 moltes l\u00ednies d&#8217;actuaci\u00f3 i propostes, que, encara que s\u00f3n necess\u00e0ries, hi ha un dubte raonable (d&#8217;acord amb el passat recent) que es desenvolupin: piscina d&#8217;hivern, canvi de la flota de vehicles de l&#8217;Aj. en favor d&#8217;uns el\u00e8ctrics o h\u00edbrids, PGOU, etc&#8221;, afegeixen.<\/p>\n\n\n\n<p>&#8220;Per aix\u00f2 diem: ja toca! No tenen excusa. Han recollit el sentir d&#8217;una part de la poblaci\u00f3, que, encara que redu\u00eft, sabem que concorda amb el de la majoria. \u00c9s per aix\u00f2 que com a principal partit de l&#8217;oposici\u00f3 alcem la veu i exigim al govern municipal que deixi de posar excuses i que se centri en aquests problemes. Que el que es va aprovar en el ple de gener, incloent la creaci\u00f3 d&#8217;una piscina de \u201chivern\u201d, el PGOU no quedi en lletra morta i es compleixi en dates i terminis establerts. En aquest cas de no fer-lo, s&#8217;estar\u00e0 mentint greument a la ciutadania&#8221;, han finalitzat des del PP.<\/p>\n","protected":false},"excerpt":{"rendered":"<div class=\"mh-excerpt\">&#8220;El govern hauria de considerar preocupant que la majoria dels desvetllaments i exig\u00e8ncies del poble de Bunyol concordin amb les de l&#8217;oposici\u00f3. Aix\u00ed ho hem vist a trav\u00e9s del Pla Urban\u00edstic d&#8217;Actuaci\u00f3 Municipal (PUAM)&#8221;, tal <a class=\"mh-excerpt-more\" href=\"https:\/\/www.tucomarca.com\/wordpress\/segunda\/ca\/el-pp-critica-al-govern-local-de-bunyol-que-nomes-participe-un-13-de-la-ciutadania-en-el-nou-puam\/\" title=\"El PP critica al govern local de Bunyol que &#8220;nom\u00e9s participe un 1,3% de la ciutadania en el nou PUAM&#8221;\">[+] <\/a><\/div>\n","protected":false},"author":1,"featured_media":104070,"comment_status":"open","ping_status":"open","sticky":false,"template":"","format":"standard","meta":{"footnotes":""},"categories":[10911,10948,10894,10912,10947,10896],"tags":[10913,10914,11978],"class_list":{"0":"post-148394","1":"post","2":"type-post","3":"status-publish","4":"format-standard","5":"has-post-thumbnail","7":"category-bunol-ca","8":"category-infraestructuras-ca","9":"category-la-comarca-ca","10":"category-la-hoya-ca","11":"category-politica","12":"category-seccion-ca","13":"tag-bunol-ca","14":"tag-la-hoya-de-bunol-chiva-ca","15":"tag-partido-popular-ca"},"_links":{"self":[{"href":"https:\/\/www.tucomarca.com\/wordpress\/segunda\/ca\/wp-json\/wp\/v2\/posts\/148394","targetHints":{"allow":["GET"]}}],"collection":[{"href":"https:\/\/www.tucomarca.com\/wordpress\/segunda\/ca\/wp-json\/wp\/v2\/posts"}],"about":[{"href":"https:\/\/www.tucomarca.com\/wordpress\/segunda\/ca\/wp-json\/wp\/v2\/types\/post"}],"author":[{"embeddable":true,"href":"https:\/\/www.tucomarca.com\/wordpress\/segunda\/ca\/wp-json\/wp\/v2\/users\/1"}],"replies":[{"embeddable":true,"href":"https:\/\/www.tucomarca.com\/wordpress\/segunda\/ca\/wp-json\/wp\/v2\/comments?post=148394"}],"version-history":[{"count":0,"href":"https:\/\/www.tucomarca.com\/wordpress\/segunda\/ca\/wp-json\/wp\/v2\/posts\/148394\/revisions"}],"wp:featuredmedia":[{"embeddable":true,"href":"https:\/\/www.tucomarca.com\/wordpress\/segunda\/ca\/wp-json\/wp\/v2\/media\/104070"}],"wp:attachment":[{"href":"https:\/\/www.tucomarca.com\/wordpress\/segunda\/ca\/wp-json\/wp\/v2\/media?parent=148394"}],"wp:term":[{"taxonomy":"category","embeddable":true,"href":"https:\/\/www.tucomarca.com\/wordpress\/segunda\/ca\/wp-json\/wp\/v2\/categories?post=148394"},{"taxonomy":"post_tag","embeddable":true,"href":"https:\/\/www.tucomarca.com\/wordpress\/segunda\/ca\/wp-json\/wp\/v2\/tags?post=148394"}],"curies":[{"name":"wp","href":"https:\/\/api.w.org\/{rel}","templated":true}]}}