{"id":148530,"date":"2022-02-04T10:00:00","date_gmt":"2022-02-04T09:00:00","guid":{"rendered":"http:\/\/www.tucomarca.com\/wordpress\/segunda\/?p=148530"},"modified":"2022-02-04T11:02:11","modified_gmt":"2022-02-04T10:02:11","slug":"lassociacio-de-majors-de-ava-asaja-programa-diverses-activitats-per-a-aquest-2022","status":"publish","type":"post","link":"https:\/\/www.tucomarca.com\/wordpress\/segunda\/ca\/lassociacio-de-majors-de-ava-asaja-programa-diverses-activitats-per-a-aquest-2022\/","title":{"rendered":"L&#8217;Associaci\u00f3 de Majors de AVA-Asaja programa diverses activitats per a aquest 2022"},"content":{"rendered":"\n<p>L&#8217;Associaci\u00f3 de Majors de <em>AVA-<\/em>Asaja (AVAM), ha programat les activitats per a 2022. S\u00f3n les seg\u00fcents:<\/p>\n\n\n\n<p><strong>Dimecres 9 de febrer:<\/strong><\/p>\n\n\n\n<p>Visita guiada al Palau el Marqu\u00e8s de dues Aig\u00fces \u2013 Museu Nacional de Cer\u00e0mica i el Centre Cultural La Nau.<\/p>\n\n\n\n<p>Menjar.\u00a0<\/p>\n\n\n\n<p>16.00 hores, xerrada t\u00e8cnica en la seu de AVA, a c\u00e0rrec dels serveis Jur\u00eddics de AVA-ASAJA: Her\u00e8ncies, transmissions patrimonials, contractes d&#8217;arrendaments i altres temes d&#8217;inter\u00e8s general.<\/p>\n\n\n\n<p><strong>Dimecres 2 de mar\u00e7:<\/strong><\/p>\n\n\n\n<p>Visita guiada por Valencia (pendiente de concretar ruta) y masclet\u00e1.&nbsp;<\/p>\n\n\n\n<p>Menjar.\u00a0<\/p>\n\n\n\n<p>16.00 Assemblea General Ordin\u00e0ria de AVAM.<\/p>\n\n\n\n<p>17.00 Xerrada de l&#8217;Associaci\u00f3 Valenciana de Consumidors i Usuaris (AVACU).<\/p>\n\n\n\n<p>Es donaran recomanacions i maneres d&#8217;actuar enfront de: Dificultats per a tractar amb les entitats banc\u00e0ries, tancament d&#8217;oficines, no atenci\u00f3 presencial, tr\u00e0mits en l\u00ednia, agreujament en les zones rurals. Tamb\u00e9 s&#8217;informar\u00e0 sobre com detectar possibles fraus, interpretar factures (llum, telefonia\u2026) i reclamacions sobre aquest tema.<\/p>\n\n\n\n<p><strong>Dijous 28 d&#8217;Abril:<\/strong><\/p>\n\n\n\n<p>Excursi\u00f3 d&#8217;un dia a Ontinyent i Aielo de Malferit, Museu de Nino Bravo i una f\u00e0brica de licors.<\/p>\n\n\n\n<p><strong>Dijous 26 de maig:<\/strong><\/p>\n\n\n\n<p>Excursi\u00f3 d&#8217;un dia a D\u00e9nia i voltants<\/p>\n\n\n\n<p><strong>Juny:<\/strong><\/p>\n\n\n\n<p>Viatge de 2 o 3 dies a Albacete (Lietor i Ayna).<\/p>\n\n\n\n<p>Informa, <strong>Luis Ib\u00e1\u00f1ez<\/strong>.<\/p>\n","protected":false},"excerpt":{"rendered":"<div class=\"mh-excerpt\">L&#8217;Associaci\u00f3 de Majors de AVA-Asaja (AVAM), ha programat les activitats per a 2022. S\u00f3n les seg\u00fcents: Dimecres 9 de febrer: Visita guiada al Palau el Marqu\u00e8s de dues Aig\u00fces \u2013 Museu Nacional de Cer\u00e0mica i <a class=\"mh-excerpt-more\" href=\"https:\/\/www.tucomarca.com\/wordpress\/segunda\/ca\/lassociacio-de-majors-de-ava-asaja-programa-diverses-activitats-per-a-aquest-2022\/\" title=\"L&#8217;Associaci\u00f3 de Majors de AVA-Asaja programa diverses activitats per a aquest 2022\">[+] <\/a><\/div>\n","protected":false},"author":1,"featured_media":148528,"comment_status":"open","ping_status":"open","sticky":false,"template":"","format":"standard","meta":{"footnotes":""},"categories":[10890,11019,10905,11046,10948,10894,10904,10902,10903,10909,10896],"tags":[11309,11924],"class_list":{"0":"post-148530","1":"post","2":"type-post","3":"status-publish","4":"format-standard","5":"has-post-thumbnail","7":"category-ademus","8":"category-agenda-ca","9":"category-agricultura-la-comarca-ca","10":"category-los-serranos-ca","11":"category-infraestructuras-ca","12":"category-la-comarca-ca","13":"category-sin-categorizar-ca","14":"category-la-ribera-ca","15":"category-medio-ambiente-la-comarca-ca","16":"category-requena-utiel-ca","17":"category-seccion-ca","18":"tag-agricultura-ca","19":"tag-ava-asaja-ca"},"_links":{"self":[{"href":"https:\/\/www.tucomarca.com\/wordpress\/segunda\/ca\/wp-json\/wp\/v2\/posts\/148530","targetHints":{"allow":["GET"]}}],"collection":[{"href":"https:\/\/www.tucomarca.com\/wordpress\/segunda\/ca\/wp-json\/wp\/v2\/posts"}],"about":[{"href":"https:\/\/www.tucomarca.com\/wordpress\/segunda\/ca\/wp-json\/wp\/v2\/types\/post"}],"author":[{"embeddable":true,"href":"https:\/\/www.tucomarca.com\/wordpress\/segunda\/ca\/wp-json\/wp\/v2\/users\/1"}],"replies":[{"embeddable":true,"href":"https:\/\/www.tucomarca.com\/wordpress\/segunda\/ca\/wp-json\/wp\/v2\/comments?post=148530"}],"version-history":[{"count":0,"href":"https:\/\/www.tucomarca.com\/wordpress\/segunda\/ca\/wp-json\/wp\/v2\/posts\/148530\/revisions"}],"wp:featuredmedia":[{"embeddable":true,"href":"https:\/\/www.tucomarca.com\/wordpress\/segunda\/ca\/wp-json\/wp\/v2\/media\/148528"}],"wp:attachment":[{"href":"https:\/\/www.tucomarca.com\/wordpress\/segunda\/ca\/wp-json\/wp\/v2\/media?parent=148530"}],"wp:term":[{"taxonomy":"category","embeddable":true,"href":"https:\/\/www.tucomarca.com\/wordpress\/segunda\/ca\/wp-json\/wp\/v2\/categories?post=148530"},{"taxonomy":"post_tag","embeddable":true,"href":"https:\/\/www.tucomarca.com\/wordpress\/segunda\/ca\/wp-json\/wp\/v2\/tags?post=148530"}],"curies":[{"name":"wp","href":"https:\/\/api.w.org\/{rel}","templated":true}]}}