{"id":148571,"date":"2022-02-04T13:55:00","date_gmt":"2022-02-04T12:55:00","guid":{"rendered":"http:\/\/www.tucomarca.com\/wordpress\/segunda\/?p=148571"},"modified":"2022-02-04T14:43:29","modified_gmt":"2022-02-04T13:43:29","slug":"la-diputacio-invertix-321-108-euros-per-arreglar-els-enfonsaments-del-carrer-raval-de-tuejar","status":"publish","type":"post","link":"https:\/\/www.tucomarca.com\/wordpress\/segunda\/ca\/la-diputacio-invertix-321-108-euros-per-arreglar-els-enfonsaments-del-carrer-raval-de-tuejar\/","title":{"rendered":"La Diputaci\u00f3 invertix 321.108 euros per arreglar els enfonsaments del carrer Raval de Tu\u00e9jar"},"content":{"rendered":"\n<h4 class=\"wp-block-heading\"><strong><strong>L\u2019\u00e0rea de Medi Ambient de la Diputaci\u00f3 de Val\u00e8ncia subvenciona els treballs de reparaci\u00f3 d\u2019uns enfonsaments en la via p\u00fablica que afectaven els habitatges<\/strong><\/strong><\/h4>\n\n\n\n<figure class=\"wp-block-image size-large\"><img loading=\"lazy\" decoding=\"async\" width=\"768\" height=\"1024\" src=\"http:\/\/www.tucomarca.com\/wordpress\/segunda\/wp-content\/uploads\/2022\/02\/SerraniaTuejar-768x1024.jpg\" alt=\"\" class=\"wp-image-148566\" srcset=\"https:\/\/www.tucomarca.com\/wordpress\/segunda\/wp-content\/uploads\/2022\/02\/SerraniaTuejar-768x1024.jpg 768w, https:\/\/www.tucomarca.com\/wordpress\/segunda\/wp-content\/uploads\/2022\/02\/SerraniaTuejar-225x300.jpg 225w, https:\/\/www.tucomarca.com\/wordpress\/segunda\/wp-content\/uploads\/2022\/02\/SerraniaTuejar-1152x1536.jpg 1152w, https:\/\/www.tucomarca.com\/wordpress\/segunda\/wp-content\/uploads\/2022\/02\/SerraniaTuejar.jpg 1200w\" sizes=\"auto, (max-width: 768px) 100vw, 768px\" \/><\/figure>\n\n\n\n<p>L\u2019\u00e0rea de Medi Ambient de la Diputaci\u00f3 de Val\u00e8ncia ha invertit 321.108 euros en els treballs de reparaci\u00f3 del carrer Arrabal de Tu\u00e9jar \u201cper uns enfonsaments de la via p\u00fablica que afectaven els habitatges i que amena\u00e7aven la seguretat de la ciutadania\u201d, segon ha explicat la vicepresidenta de la Diputaci\u00f3 i responsable de l\u2019\u00e0rea de Medi Ambient, Maria Josep Amig\u00f3, qui ha incidit en qu\u00e8 \u201cen les fa\u00e7anes es podien observar multitud de clevills produ\u00efts pels moviments i assentaments del terreny, de forma que tot i que es tractava d\u2019un projecte molt complex, calia actuar com m\u00e9s prompte millor\u201d.<\/p>\n\n\n\n<p>Pr\u00e8viament a les obres, l\u2019Ajuntament va elaborar diversos estudis en els que es podien observar buits en el terreny, que originaven les afeccions als habitatges.&nbsp;<\/p>\n\n\n\n<p>Posteriorment, els treballs que s\u2019han dut a terme, a fi de minimitzar els riscos geol\u00f2gics, han consistit en l\u2019obertura d\u2019una rasa i la fixaci\u00f3 en el s\u00f2l de tubs d\u2019acer, per a donar-li estabilitat; la injecci\u00f3 de lletada de ciment; i la realitzaci\u00f3 d\u2019una solera de formig\u00f3 ancorada al s\u00f2l per a evitar moviments expansius del terreny i sobre la qual descansen les conduccions d\u2019aig\u00fces potables, residuals, etc.<\/p>\n\n\n\n<p>Aix\u00ed mateix, junt amb estos treballs, tamb\u00e9 s\u2019ha aprofitat per a instal\u00b7lar una nova xarxa de sanejament i d\u2019abastiment d\u2019aigua potable, l\u2019execuci\u00f3 de pous i arquetes, i la pavimentaci\u00f3 del carrer.<\/p>\n\n\n\n<p>L\u2019obra va ser adjudicada per un import de 338.008 euros, dels quals la Diputaci\u00f3 ha subvencionat el 95% amb una inversi\u00f3 de 321.108 euros i el 5% restant ha sigut assumit per l\u2019Ajuntament de Tu\u00e9jar, amb un import de 16.900 euros.<\/p>\n","protected":false},"excerpt":{"rendered":"<div class=\"mh-excerpt\">L\u2019\u00e0rea de Medi Ambient de la Diputaci\u00f3 de Val\u00e8ncia subvenciona els treballs de reparaci\u00f3 d\u2019uns enfonsaments en la via p\u00fablica que afectaven els habitatges L\u2019\u00e0rea de Medi Ambient de la Diputaci\u00f3 de Val\u00e8ncia ha invertit <a class=\"mh-excerpt-more\" href=\"https:\/\/www.tucomarca.com\/wordpress\/segunda\/ca\/la-diputacio-invertix-321-108-euros-per-arreglar-els-enfonsaments-del-carrer-raval-de-tuejar\/\" title=\"La Diputaci\u00f3 invertix 321.108 euros per arreglar els enfonsaments del carrer Raval de Tu\u00e9jar\">[+] <\/a><\/div>\n","protected":false},"author":1,"featured_media":148569,"comment_status":"open","ping_status":"open","sticky":false,"template":"","format":"standard","meta":{"footnotes":""},"categories":[11046,10898,10948,10894,10904,10947,10896,11028],"tags":[11246,11928,11080,11173],"class_list":{"0":"post-148571","1":"post","2":"type-post","3":"status-publish","4":"format-standard","5":"has-post-thumbnail","7":"category-los-serranos-ca","8":"category-ventana-ca","9":"category-infraestructuras-ca","10":"category-la-comarca-ca","11":"category-sin-categorizar-ca","12":"category-politica","13":"category-seccion-ca","14":"category-tuejar-ca","15":"tag-diputacio-de-valencia-ca","16":"tag-la-serrania-ca","17":"tag-los-serranos-ca","18":"tag-tuejar-ca"},"_links":{"self":[{"href":"https:\/\/www.tucomarca.com\/wordpress\/segunda\/ca\/wp-json\/wp\/v2\/posts\/148571","targetHints":{"allow":["GET"]}}],"collection":[{"href":"https:\/\/www.tucomarca.com\/wordpress\/segunda\/ca\/wp-json\/wp\/v2\/posts"}],"about":[{"href":"https:\/\/www.tucomarca.com\/wordpress\/segunda\/ca\/wp-json\/wp\/v2\/types\/post"}],"author":[{"embeddable":true,"href":"https:\/\/www.tucomarca.com\/wordpress\/segunda\/ca\/wp-json\/wp\/v2\/users\/1"}],"replies":[{"embeddable":true,"href":"https:\/\/www.tucomarca.com\/wordpress\/segunda\/ca\/wp-json\/wp\/v2\/comments?post=148571"}],"version-history":[{"count":0,"href":"https:\/\/www.tucomarca.com\/wordpress\/segunda\/ca\/wp-json\/wp\/v2\/posts\/148571\/revisions"}],"wp:featuredmedia":[{"embeddable":true,"href":"https:\/\/www.tucomarca.com\/wordpress\/segunda\/ca\/wp-json\/wp\/v2\/media\/148569"}],"wp:attachment":[{"href":"https:\/\/www.tucomarca.com\/wordpress\/segunda\/ca\/wp-json\/wp\/v2\/media?parent=148571"}],"wp:term":[{"taxonomy":"category","embeddable":true,"href":"https:\/\/www.tucomarca.com\/wordpress\/segunda\/ca\/wp-json\/wp\/v2\/categories?post=148571"},{"taxonomy":"post_tag","embeddable":true,"href":"https:\/\/www.tucomarca.com\/wordpress\/segunda\/ca\/wp-json\/wp\/v2\/tags?post=148571"}],"curies":[{"name":"wp","href":"https:\/\/api.w.org\/{rel}","templated":true}]}}