{"id":148902,"date":"2022-02-10T12:39:40","date_gmt":"2022-02-10T11:39:40","guid":{"rendered":"http:\/\/www.tucomarca.com\/wordpress\/segunda\/?p=148902"},"modified":"2022-02-10T12:45:01","modified_gmt":"2022-02-10T11:45:01","slug":"riba-roja-rebaja-un-242-el-ibi-urbano-que-grava-las-viviendas-en-los-ultimos-siete-anos-y-se-situa-entre-los-mas-bajos-del-camp-de-turia","status":"publish","type":"post","link":"https:\/\/www.tucomarca.com\/wordpress\/segunda\/ca\/riba-roja-rebaja-un-242-el-ibi-urbano-que-grava-las-viviendas-en-los-ultimos-siete-anos-y-se-situa-entre-los-mas-bajos-del-camp-de-turia\/","title":{"rendered":"Riba-roja rebaixa un 24\u20192% l&#8217;IBI urb\u00e0 que grava els habitatges en els \u00faltims set anys i se situa entre els m\u00e9s baixos de la comarca de Camp de T\u00faria"},"content":{"rendered":"\n<p><strong>El coeficient passa del 0\u201962 de l&#8217;any 2015 al 0\u201947 de l&#8217;exercici de 2021<\/strong><\/p>\n\n\n\n<p>L&#8217;Ajuntament de Riba-roja de T\u00faria ha redu\u00eft en un 24\u20192% l&#8217;impost de b\u00e9ns immobles (IBI) urb\u00e0 en els \u00faltims set anys en passar d&#8217;un tipus impositiu del 0\u201962 l&#8217;any 2015 al 0\u201947 l&#8217;any 2021. Es tracta del major descens d&#8217;aquest impost directe en les dues \u00faltimes d\u00e8cades i que el situen entre un dels m\u00e9s redu\u00efts a la comarca de Camp de T\u00faria.<\/p>\n\n\n\n<p>Aquest impost va arribar a aconseguir en els \u00faltims tres lustres fins a un coeficient del 0\u20198 l&#8217;any 2008, quan el llavors equip de govern va decidir un augment del 60% en passar dels 0\u20195 de l&#8217;exercici pressupostari de l&#8217;any 2007 als referits 0\u20198. Un any m\u00e9s tard aquest coeficient es va rebaixar en un 15% en passar als 0\u201968, si b\u00e9 el seg\u00fcent exercici 2013 es va tornar a incrementar fins als 0\u2019748, \u00e9s a dir, un augment del 10%.<\/p>\n\n\n\n<p>L&#8217;impost de b\u00e9ns immobles urb\u00e0 es calcula cada any a partir del valor cadastral que marca la Direcci\u00f3 General del Cadastre, dependent del Ministeri d&#8217;Hisenda, multiplicat pel coeficient impositiu que decideix l&#8217;Ajuntament de Riba-roja de T\u00faria. Amb aquestes dues variables es fixa la quantia que pagar\u00e0, posteriorment, cada contribuent pel seu habitatge.<\/p>\n\n\n\n<p>Amb l&#8217;actual coeficient del 0\u201947, Riba-Roja es col\u00b7loca entre els municipis amb l&#8217;impost de b\u00e9ns immoble (IBI) m\u00e9s baix de la Comarca de Camp de T\u00faria, especialment, respecte de les localitats de m\u00e9s de 20.000 habitants, com el cas de Ll\u00edria amb un 0\u20197 o B\u00e9tera amb altres 0\u201958, a m\u00e9s tamb\u00e9 m\u00e9s baix que la resta dels municipis de la resta de la comarca.<\/p>\n\n\n\n<p>Aquesta reducci\u00f3 en l&#8217;IBI urb\u00e0 es complementa amb la disminuci\u00f3 de l&#8217;IBI r\u00fastic a Riba-roja de T\u00faria fins a un 5% a partir d&#8217;enguany amb l&#8217;objectiu de pal\u00b7liar els efectes adversos derivats de la passada Depressi\u00f3 A\u00efllada en Nivells Alts (DANA) que va oc\u00f3rrer en el mes de setembre passat sobre els camps i collites dels agricultors de la localitat.<\/p>\n\n\n\n<p>L&#8217;alcalde de Riba-roja de T\u00faria, Robert Raga, ha destacat \u201cla rebaixa fiscal\u201d realitzada durant els \u00faltims anys en la localitat \u201ccom a f\u00f3rmula per a dinamitzar l&#8217;economia de les fam\u00edlies i estimular el consum entre el teixit comercial i industrial de la localitat, sense que aix\u00f2 hagi suposat, de cap manera, una disminuci\u00f3 en la qualitat dels serveis p\u00fablics municipals, fins al punt que s&#8217;han augmentat i millorat\u201d.<\/p>\n","protected":false},"excerpt":{"rendered":"<div class=\"mh-excerpt\">El coeficient passa del 0\u201962 de l&#8217;any 2015 al 0\u201947 de l&#8217;exercici de 2021 L&#8217;Ajuntament de Riba-roja de T\u00faria ha redu\u00eft en un 24\u20192% l&#8217;impost de b\u00e9ns immobles (IBI) urb\u00e0 en els \u00faltims set anys <a class=\"mh-excerpt-more\" href=\"https:\/\/www.tucomarca.com\/wordpress\/segunda\/ca\/riba-roja-rebaja-un-242-el-ibi-urbano-que-grava-las-viviendas-en-los-ultimos-siete-anos-y-se-situa-entre-los-mas-bajos-del-camp-de-turia\/\" title=\"Riba-roja rebaixa un 24\u20192% l&#8217;IBI urb\u00e0 que grava els habitatges en els \u00faltims set anys i se situa entre els m\u00e9s baixos de la comarca de Camp de T\u00faria\">[+] <\/a><\/div>\n","protected":false},"author":1,"featured_media":133167,"comment_status":"open","ping_status":"open","sticky":false,"template":"","format":"standard","meta":{"footnotes":""},"categories":[10892,10948,10894,10947,10906,10896],"tags":[15674,10907],"class_list":{"0":"post-148902","1":"post","2":"type-post","3":"status-publish","4":"format-standard","5":"has-post-thumbnail","7":"category-camp-de-turia-ca","8":"category-infraestructuras-ca","9":"category-la-comarca-ca","10":"category-politica","11":"category-riba-roja-ca","12":"category-seccion-ca","13":"tag-camp-de-turia-2-ca","14":"tag-riba-roja-del-turia-ca"},"_links":{"self":[{"href":"https:\/\/www.tucomarca.com\/wordpress\/segunda\/ca\/wp-json\/wp\/v2\/posts\/148902","targetHints":{"allow":["GET"]}}],"collection":[{"href":"https:\/\/www.tucomarca.com\/wordpress\/segunda\/ca\/wp-json\/wp\/v2\/posts"}],"about":[{"href":"https:\/\/www.tucomarca.com\/wordpress\/segunda\/ca\/wp-json\/wp\/v2\/types\/post"}],"author":[{"embeddable":true,"href":"https:\/\/www.tucomarca.com\/wordpress\/segunda\/ca\/wp-json\/wp\/v2\/users\/1"}],"replies":[{"embeddable":true,"href":"https:\/\/www.tucomarca.com\/wordpress\/segunda\/ca\/wp-json\/wp\/v2\/comments?post=148902"}],"version-history":[{"count":0,"href":"https:\/\/www.tucomarca.com\/wordpress\/segunda\/ca\/wp-json\/wp\/v2\/posts\/148902\/revisions"}],"wp:featuredmedia":[{"embeddable":true,"href":"https:\/\/www.tucomarca.com\/wordpress\/segunda\/ca\/wp-json\/wp\/v2\/media\/133167"}],"wp:attachment":[{"href":"https:\/\/www.tucomarca.com\/wordpress\/segunda\/ca\/wp-json\/wp\/v2\/media?parent=148902"}],"wp:term":[{"taxonomy":"category","embeddable":true,"href":"https:\/\/www.tucomarca.com\/wordpress\/segunda\/ca\/wp-json\/wp\/v2\/categories?post=148902"},{"taxonomy":"post_tag","embeddable":true,"href":"https:\/\/www.tucomarca.com\/wordpress\/segunda\/ca\/wp-json\/wp\/v2\/tags?post=148902"}],"curies":[{"name":"wp","href":"https:\/\/api.w.org\/{rel}","templated":true}]}}