{"id":149059,"date":"2022-02-11T10:40:00","date_gmt":"2022-02-11T09:40:00","guid":{"rendered":"http:\/\/www.tucomarca.com\/wordpress\/segunda\/?p=149059"},"modified":"2022-02-11T21:21:08","modified_gmt":"2022-02-11T20:21:08","slug":"els-ametllers-que-ja-estan-pletorics-de-flors-precisen-de-la-pluja-per-a-tirar-endavant-les-seves-collites","status":"publish","type":"post","link":"https:\/\/www.tucomarca.com\/wordpress\/segunda\/ca\/els-ametllers-que-ja-estan-pletorics-de-flors-precisen-de-la-pluja-per-a-tirar-endavant-les-seves-collites\/","title":{"rendered":"Els ametllers. que ja estan plet\u00f2rics de flors. precisen de la pluja per a tirar endavant les seves collites"},"content":{"rendered":"\n<p>Els ametllers de la comarca Requena-Utiel, que es troben en la fase de floraci\u00f3, estan fent m\u00e9s atractiu el paisatge d&#8217;aquesta comarca de l&#8217;interior de la prov\u00edncia de Val\u00e8ncia per la seva riquesa crom\u00e0tica. <\/p>\n\n\n\n<p>No obstant aix\u00f2, l&#8217;evoluci\u00f3 del cicle vegetatiu dels ametllers i del seu fruit, que podr\u00e0 apreciar-se a mitjan mar\u00e7, estan amena\u00e7ats per la sequera.<\/p>\n\n\n\n<p>Els ametllers necessitaran la pluja en les pr\u00f2ximes setmanes per a tirar endavant les seves collites d&#8217;ametlles. A la comarca , la immensa majoria de la superf\u00edcie d&#8217;ametllers es conrea en sec\u00e0.<\/p>\n\n\n\n<p>El cultiu de l&#8217;ametller que ocupa a Requena-Utiel una superf\u00edcie que supera les 15.000 hect\u00e0rees \u00e9s el segon en import\u00e0ncia despr\u00e9s de les vinyes. Informa, <strong>Luis Ib\u00e1\u00f1ez<\/strong>.<\/p>\n","protected":false},"excerpt":{"rendered":"<div class=\"mh-excerpt\">Els ametllers de la comarca Requena-Utiel, que es troben en la fase de floraci\u00f3, estan fent m\u00e9s atractiu el paisatge d&#8217;aquesta comarca de l&#8217;interior de la prov\u00edncia de Val\u00e8ncia per la seva riquesa crom\u00e0tica. No <a class=\"mh-excerpt-more\" href=\"https:\/\/www.tucomarca.com\/wordpress\/segunda\/ca\/els-ametllers-que-ja-estan-pletorics-de-flors-precisen-de-la-pluja-per-a-tirar-endavant-les-seves-collites\/\" title=\"Els ametllers. que ja estan plet\u00f2rics de flors. precisen de la pluja per a tirar endavant les seves collites\">[+] <\/a><\/div>\n","protected":false},"author":1,"featured_media":149052,"comment_status":"open","ping_status":"open","sticky":false,"template":"","format":"standard","meta":{"footnotes":""},"categories":[10905,11030,11031,11032,11054,11055,10948,10894,11056,10903,10908,10909,11057,10896,11058,11059,11060,11061],"tags":[14144,11351,10910],"class_list":{"0":"post-149059","1":"post","2":"type-post","3":"status-publish","4":"format-standard","5":"has-post-thumbnail","7":"category-agricultura-la-comarca-ca","8":"category-campo-arcis-ca","9":"category-camporrobles-ca","10":"category-caudete-ca","11":"category-chera-ca","12":"category-fuenterrobles-ca","13":"category-infraestructuras-ca","14":"category-la-comarca-ca","15":"category-las-cuevas-ca","16":"category-medio-ambiente-la-comarca-ca","17":"category-requena-ca","18":"category-requena-utiel-ca","19":"category-san-antonio-ca","20":"category-seccion-ca","21":"category-sinarcas-ca","22":"category-utiel-ca","23":"category-venta-del-moro-ca","24":"category-villargordo-del-cabriel-ca","25":"tag-almendros-ca","26":"tag-lluvias-ca","27":"tag-requena-utiel-ca"},"_links":{"self":[{"href":"https:\/\/www.tucomarca.com\/wordpress\/segunda\/ca\/wp-json\/wp\/v2\/posts\/149059","targetHints":{"allow":["GET"]}}],"collection":[{"href":"https:\/\/www.tucomarca.com\/wordpress\/segunda\/ca\/wp-json\/wp\/v2\/posts"}],"about":[{"href":"https:\/\/www.tucomarca.com\/wordpress\/segunda\/ca\/wp-json\/wp\/v2\/types\/post"}],"author":[{"embeddable":true,"href":"https:\/\/www.tucomarca.com\/wordpress\/segunda\/ca\/wp-json\/wp\/v2\/users\/1"}],"replies":[{"embeddable":true,"href":"https:\/\/www.tucomarca.com\/wordpress\/segunda\/ca\/wp-json\/wp\/v2\/comments?post=149059"}],"version-history":[{"count":0,"href":"https:\/\/www.tucomarca.com\/wordpress\/segunda\/ca\/wp-json\/wp\/v2\/posts\/149059\/revisions"}],"wp:featuredmedia":[{"embeddable":true,"href":"https:\/\/www.tucomarca.com\/wordpress\/segunda\/ca\/wp-json\/wp\/v2\/media\/149052"}],"wp:attachment":[{"href":"https:\/\/www.tucomarca.com\/wordpress\/segunda\/ca\/wp-json\/wp\/v2\/media?parent=149059"}],"wp:term":[{"taxonomy":"category","embeddable":true,"href":"https:\/\/www.tucomarca.com\/wordpress\/segunda\/ca\/wp-json\/wp\/v2\/categories?post=149059"},{"taxonomy":"post_tag","embeddable":true,"href":"https:\/\/www.tucomarca.com\/wordpress\/segunda\/ca\/wp-json\/wp\/v2\/tags?post=149059"}],"curies":[{"name":"wp","href":"https:\/\/api.w.org\/{rel}","templated":true}]}}