{"id":149151,"date":"2022-02-14T17:40:00","date_gmt":"2022-02-14T16:40:00","guid":{"rendered":"http:\/\/www.tucomarca.com\/wordpress\/segunda\/?p=149151"},"modified":"2022-02-14T17:48:02","modified_gmt":"2022-02-14T16:48:02","slug":"alboraig-rep-la-segona-part-de-la-recerca-sobre-el-seu-origen","status":"publish","type":"post","link":"https:\/\/www.tucomarca.com\/wordpress\/segunda\/ca\/alboraig-rep-la-segona-part-de-la-recerca-sobre-el-seu-origen\/","title":{"rendered":"Alboraig rep la segona part de la recerca sobre el seu origen"},"content":{"rendered":"\n<h4 class=\"wp-block-heading\"><strong>La recerca, sota el t\u00edtol: &#8220;Hist\u00f2ria d&#8217;Alboraig: la construcci\u00f3 d&#8217;un espai vivencial&#8221;, es publicar\u00e0 en format lliuro.<\/strong><\/h4>\n\n\n\n<p>Divendres passat 11 de febrer es va dur a terme el lliurament de la segona part de la recerca sobre la localitat valenciana d&#8217;Alboraig. A l&#8217;acte de lliurament van assistir l&#8217;alcaldessa de la localitat, Paqui Collado i el regidor de Cultura, Educaci\u00f3, Festes i Igualtat, Vicente Darder; els quals van recollir de mans de Josep Montesinos, deg\u00e0 de la Facultat de Geografia-Hist\u00f2ria i director de la recerca, el treball realitzat.<\/p>\n\n\n\n<p>Aix\u00ed, amb el lliurament d&#8217;aquest estudi es tanca el projecte i es deixa ja per a la publicaci\u00f3 dels resultats en format de llibre en els pr\u00f2xims mesos aquest projecte denominat: \u2018Hist\u00f2ria d&#8217;Alboraig\u2019: la construcci\u00f3 d&#8217;un espai vivencial.<\/p>\n\n\n\n<p>En aquest projecte-recerca han treball en aquesta segona part diversos professors i professores de la Universitat de Val\u00e8ncia, al costat d&#8217;investigadors i investigadores de la comarca, com s\u00f3n: N\u00faria i Federico Verdet, M\u00f3nica Granell, Cristina Escriv\u00e1, Adri\u00e0 Bes\u00f3 i Pascual Patuel.<\/p>\n\n\n\n<p>El total del projecte abasta estudis de Geografia F\u00edsica i Humana, Prehist\u00f2ria, Edat Antiga, Moderna i Contempor\u00e0nia, m\u00e9s el Patrimoni constru\u00eft i el Cultural. Una visi\u00f3 global de la localitat d&#8217;Alboraig, dins de la Col\u00b7lecci\u00f3 Hist\u00f2ria i Geografia Local fundada pel qual va ser deg\u00e0 de la facultat i actual vicerector de la UV Jorge Hermosilla.<\/p>\n\n\n\n<p>L&#8217;objectiu de la recerca passa per l&#8217;inter\u00e8s de l&#8217;Ajuntament d&#8217;Alboraig per con\u00e8ixer el seu passat, la seua realitat, les seves arrels; per a oferir als seus conciutadans una visi\u00f3 del que van ser, la seva realitat actual, de la projecci\u00f3 cap al futur. Per part seva, la Universitat de Val\u00e8ncia en contacte amb la societat, pret\u00e9n transmetre el coneixement, donar suport a la Cultura, el Patrimoni, i tamb\u00e9 per al desenvolupament econ\u00f2mic, el Turisme Cultural, el benestar de la ciutadania.<\/p>\n","protected":false},"excerpt":{"rendered":"<div class=\"mh-excerpt\">La recerca, sota el t\u00edtol: &#8220;Hist\u00f2ria d&#8217;Alboraig: la construcci\u00f3 d&#8217;un espai vivencial&#8221;, es publicar\u00e0 en format lliuro. Divendres passat 11 de febrer es va dur a terme el lliurament de la segona part de la <a class=\"mh-excerpt-more\" href=\"https:\/\/www.tucomarca.com\/wordpress\/segunda\/ca\/alboraig-rep-la-segona-part-de-la-recerca-sobre-el-seu-origen\/\" title=\"Alboraig rep la segona part de la recerca sobre el seu origen\">[+] <\/a><\/div>\n","protected":false},"author":1,"featured_media":149148,"comment_status":"open","ping_status":"open","sticky":false,"template":"","format":"standard","meta":{"footnotes":""},"categories":[10973,10948,10894,10912,11007,10947,10896],"tags":[11224,16376,10914],"class_list":{"0":"post-149151","1":"post","2":"type-post","3":"status-publish","4":"format-standard","5":"has-post-thumbnail","7":"category-alborache-ca","8":"category-infraestructuras-ca","9":"category-la-comarca-ca","10":"category-la-hoya-ca","11":"category-ocio-y-cultura-ca","12":"category-politica","13":"category-seccion-ca","14":"tag-alborache-ca","15":"tag-historia-ca","16":"tag-la-hoya-de-bunol-chiva-ca"},"_links":{"self":[{"href":"https:\/\/www.tucomarca.com\/wordpress\/segunda\/ca\/wp-json\/wp\/v2\/posts\/149151","targetHints":{"allow":["GET"]}}],"collection":[{"href":"https:\/\/www.tucomarca.com\/wordpress\/segunda\/ca\/wp-json\/wp\/v2\/posts"}],"about":[{"href":"https:\/\/www.tucomarca.com\/wordpress\/segunda\/ca\/wp-json\/wp\/v2\/types\/post"}],"author":[{"embeddable":true,"href":"https:\/\/www.tucomarca.com\/wordpress\/segunda\/ca\/wp-json\/wp\/v2\/users\/1"}],"replies":[{"embeddable":true,"href":"https:\/\/www.tucomarca.com\/wordpress\/segunda\/ca\/wp-json\/wp\/v2\/comments?post=149151"}],"version-history":[{"count":0,"href":"https:\/\/www.tucomarca.com\/wordpress\/segunda\/ca\/wp-json\/wp\/v2\/posts\/149151\/revisions"}],"wp:featuredmedia":[{"embeddable":true,"href":"https:\/\/www.tucomarca.com\/wordpress\/segunda\/ca\/wp-json\/wp\/v2\/media\/149148"}],"wp:attachment":[{"href":"https:\/\/www.tucomarca.com\/wordpress\/segunda\/ca\/wp-json\/wp\/v2\/media?parent=149151"}],"wp:term":[{"taxonomy":"category","embeddable":true,"href":"https:\/\/www.tucomarca.com\/wordpress\/segunda\/ca\/wp-json\/wp\/v2\/categories?post=149151"},{"taxonomy":"post_tag","embeddable":true,"href":"https:\/\/www.tucomarca.com\/wordpress\/segunda\/ca\/wp-json\/wp\/v2\/tags?post=149151"}],"curies":[{"name":"wp","href":"https:\/\/api.w.org\/{rel}","templated":true}]}}