{"id":149198,"date":"2022-02-15T09:00:00","date_gmt":"2022-02-15T08:00:00","guid":{"rendered":"http:\/\/www.tucomarca.com\/wordpress\/segunda\/?p=149198"},"modified":"2022-02-15T18:53:12","modified_gmt":"2022-02-15T17:53:12","slug":"la-conselleria-de-territori-i-representants-de-la-denominacio-dorigen-valencia-aborden-el-cataleg-de-proteccio-dels-paisatges-del-vi","status":"publish","type":"post","link":"https:\/\/www.tucomarca.com\/wordpress\/segunda\/ca\/la-conselleria-de-territori-i-representants-de-la-denominacio-dorigen-valencia-aborden-el-cataleg-de-proteccio-dels-paisatges-del-vi\/","title":{"rendered":"La Conselleria de Territori i representants de la Denominaci\u00f3 d&#8217;Origen Val\u00e8ncia aborden el Cat\u00e0leg de Protecci\u00f3 dels Paisatges del Vi"},"content":{"rendered":"\n<p><strong>El Cat\u00e0leg est\u00e0 en fase de consulta pr\u00e8via fins al 21 de febrer. Posteriorment, s&#8217;efectuar\u00e0 una presentaci\u00f3 de l&#8217;esborrany i es remetr\u00e0 a l&#8217;\u00f2rgan ambiental per a l&#8217;avaluaci\u00f3 ambiental i territorial<\/strong><\/p>\n\n\n\n<p><strong>Es tracta d&#8217;un instrument que identificar\u00e0, valorar\u00e0 i protegir\u00e0 els elements estructurals que conformen el paisatge del vi i regular\u00e0 els usos i activitats compatibles<\/strong><\/p>\n\n\n\n<p>En aquest context s&#8217;emmarca la reuni\u00f3 que ha mantingut la directora general de Pol\u00edtica Territorial i Paisatge, Rosa Pardo, amb representants del Consell Regulador de la Denominaci\u00f3 d&#8217;Origen Val\u00e8ncia, i a la qual tamb\u00e9 han assistit alcaldes, productors i agents socials d&#8217;aquestes comarques.<\/p>\n\n\n\n<p>La Denominaci\u00f3 d&#8217;Origen Val\u00e8ncia compr\u00e8n les subzones Alt T\u00faria, Valentino, Moscatell, que abasten les comarques de la Foia de Bunyol i els Serrans principalment, i *Clariano que inclou les valls de les Alcusses i *els *Alforins i la Vall d&#8217;Albaida.<\/p>\n\n\n\n<p>Com ha recordat la directora general, &#8220;l&#8217;elaboraci\u00f3 del Cat\u00e0leg de Protecci\u00f3 dels Paisatges del Vi \u00e9s un comprom\u00eds del Consell que permetr\u00e0 la preservaci\u00f3 i dinamitzaci\u00f3 d&#8217;aquests paisatges culturals, vius i productius que formen part de la identitat i del patrimoni cultural del territori valenci\u00e0&#8221;.<\/p>\n\n\n\n<p>Aix\u00ed ha explicat que &#8220;aquest instrument identificar\u00e0, valorar\u00e0 i protegir\u00e0 els elements estructurals que conformen aquest paisatge, i regular\u00e0 els usos i activitats compatibles que permetin visibilitzar, recon\u00e8ixer i posar en valor aquests paisatges, dins dels objectius de millora de l&#8217;equilibri territorial de la Comunitat Valenciana&#8221;.<\/p>\n\n\n\n<p>En la reuni\u00f3, els diferents agents han exposat la seva preocupaci\u00f3 per la implantaci\u00f3 de determinats usos, de gran escala i ocupaci\u00f3 de s\u00f2l, com les plantes fotovoltaiques, que, entenen ajuntaments i cellerers, poden amena\u00e7ar aquests paisatges culturals, i advoquen per una implantaci\u00f3 m\u00e9s racional d&#8217;aquestes instal\u00b7lacions.<\/p>\n\n\n\n<p>Aix\u00ed mateix, s&#8217;ha destacat l&#8217;avan\u00e7 en la qualitat dels vins on el paisatge forma part d&#8217;aquesta promoci\u00f3 econ\u00f2mica, que genera una cadena que inclou sectors tan emergents com el *enoturismo i el turisme gastron\u00f2mic. Per aix\u00f2, s&#8217;ha indicat que aquestes implantacions no han de menyscabar el valor productiu i cultural d&#8217;aquests paisatges. Una altra preocupaci\u00f3 dels ajuntaments \u00e9s si aquest Cat\u00e0leg pogu\u00e9s condicionar els tipus de cultiu, obligant a mantenir la vinya.<\/p>\n\n\n\n<p>La directora general de Pol\u00edtica Territorial ha comentat que, el paisatge \u00e9s canviant i el que \u00e9s important \u00e9s mantenir els seus elements estructurants. Igualment s&#8217;ha plantejat la possibilitat que els municipis que ho desitgin i no estiguin inclosos en el Cat\u00e0leg puguin proposar a la Conselleria, la introducci\u00f3 dels \u00e0mbits que considerin m\u00e9s rellevants dels seus paisatges del vi i hi ha hagut proposades per a incloure zones d&#8217;elevat inter\u00e8s.<\/p>\n\n\n\n<p>Tamb\u00e9 s&#8217;ha assenyalat la necessitat de complementar el Cat\u00e0leg amb accions de desenvolupament rural i foment econ\u00f2mic d&#8217;aquestes zones, la qual cosa hauria de coordinar-se amb altres departaments de la Generalitat amb compet\u00e8ncia en aquestes pol\u00edtiques.<\/p>\n\n\n\n<p>Finalment, s&#8217;han comentat diverses q\u00fcestions com la suspensi\u00f3 de llic\u00e8ncies, la compatibilitat del Cat\u00e0leg amb la protecci\u00f3 ambiental, les noves t\u00e8cniques de cultiu de la vinya, els possibles efectes del canvi clim\u00e0tic i la seva influ\u00e8ncia sobre aquest paisatge, entre altres.<\/p>\n\n\n\n<p>Una vegada que finalitzi la fase de consulta pr\u00e8via, s&#8217;efectuar\u00e0 una presentaci\u00f3 de l&#8217;esborrany del pla i el document inicial estrat\u00e8gic que es remetr\u00e0 a l&#8217;\u00f2rgan ambiental per a iniciar l&#8217;avaluaci\u00f3 ambiental i territorial del Cat\u00e0leg.<\/p>\n\n\n\n<p><br><br><br><br><br><br><br><br><br><br><\/p>\n","protected":false},"excerpt":{"rendered":"<div class=\"mh-excerpt\">El Cat\u00e0leg est\u00e0 en fase de consulta pr\u00e8via fins al 21 de febrer. Posteriorment, s&#8217;efectuar\u00e0 una presentaci\u00f3 de l&#8217;esborrany i es remetr\u00e0 a l&#8217;\u00f2rgan ambiental per a l&#8217;avaluaci\u00f3 ambiental i territorial Es tracta d&#8217;un instrument <a class=\"mh-excerpt-more\" href=\"https:\/\/www.tucomarca.com\/wordpress\/segunda\/ca\/la-conselleria-de-territori-i-representants-de-la-denominacio-dorigen-valencia-aborden-el-cataleg-de-proteccio-dels-paisatges-del-vi\/\" title=\"La Conselleria de Territori i representants de la Denominaci\u00f3 d&#8217;Origen Val\u00e8ncia aborden el Cat\u00e0leg de Protecci\u00f3 dels Paisatges del Vi\">[+] <\/a><\/div>\n","protected":false},"author":1,"featured_media":149196,"comment_status":"open","ping_status":"open","sticky":false,"template":"","format":"standard","meta":{"footnotes":""},"categories":[10905,10892,11006,11046,10898,10948,10963,10894,10904,10912,10902,10903,10947,10909,10896],"tags":[14333,11199,10914,11077,11928,11080,14211],"class_list":{"0":"post-149198","1":"post","2":"type-post","3":"status-publish","4":"format-standard","5":"has-post-thumbnail","7":"category-agricultura-la-comarca-ca","8":"category-camp-de-turia-ca","9":"category-canal-vinos","10":"category-los-serranos-ca","11":"category-ventana-ca","12":"category-infraestructuras-ca","13":"category-la-canal-de-navarres-ca","14":"category-la-comarca-ca","15":"category-sin-categorizar-ca","16":"category-la-hoya-ca","17":"category-la-ribera-ca","18":"category-medio-ambiente-la-comarca-ca","19":"category-politica","20":"category-requena-utiel-ca","21":"category-seccion-ca","22":"tag-do-valencia-ca","23":"tag-la-comunitat-ca","24":"tag-la-hoya-de-bunol-chiva-ca","25":"tag-la-ribera-alta-ca","26":"tag-la-serrania-ca","27":"tag-los-serranos-ca","28":"tag-vino-ca"},"_links":{"self":[{"href":"https:\/\/www.tucomarca.com\/wordpress\/segunda\/ca\/wp-json\/wp\/v2\/posts\/149198","targetHints":{"allow":["GET"]}}],"collection":[{"href":"https:\/\/www.tucomarca.com\/wordpress\/segunda\/ca\/wp-json\/wp\/v2\/posts"}],"about":[{"href":"https:\/\/www.tucomarca.com\/wordpress\/segunda\/ca\/wp-json\/wp\/v2\/types\/post"}],"author":[{"embeddable":true,"href":"https:\/\/www.tucomarca.com\/wordpress\/segunda\/ca\/wp-json\/wp\/v2\/users\/1"}],"replies":[{"embeddable":true,"href":"https:\/\/www.tucomarca.com\/wordpress\/segunda\/ca\/wp-json\/wp\/v2\/comments?post=149198"}],"version-history":[{"count":0,"href":"https:\/\/www.tucomarca.com\/wordpress\/segunda\/ca\/wp-json\/wp\/v2\/posts\/149198\/revisions"}],"wp:featuredmedia":[{"embeddable":true,"href":"https:\/\/www.tucomarca.com\/wordpress\/segunda\/ca\/wp-json\/wp\/v2\/media\/149196"}],"wp:attachment":[{"href":"https:\/\/www.tucomarca.com\/wordpress\/segunda\/ca\/wp-json\/wp\/v2\/media?parent=149198"}],"wp:term":[{"taxonomy":"category","embeddable":true,"href":"https:\/\/www.tucomarca.com\/wordpress\/segunda\/ca\/wp-json\/wp\/v2\/categories?post=149198"},{"taxonomy":"post_tag","embeddable":true,"href":"https:\/\/www.tucomarca.com\/wordpress\/segunda\/ca\/wp-json\/wp\/v2\/tags?post=149198"}],"curies":[{"name":"wp","href":"https:\/\/api.w.org\/{rel}","templated":true}]}}