{"id":149260,"date":"2022-02-16T07:55:00","date_gmt":"2022-02-16T06:55:00","guid":{"rendered":"http:\/\/www.tucomarca.com\/wordpress\/segunda\/?p=149260"},"modified":"2022-02-16T08:35:38","modified_gmt":"2022-02-16T07:35:38","slug":"cooperatives-agro-alimentaries-sadhereix-a-la-convocatoria-de-manifestacio-dels-agricultors-per-al-25-de-febrer","status":"publish","type":"post","link":"https:\/\/www.tucomarca.com\/wordpress\/segunda\/ca\/cooperatives-agro-alimentaries-sadhereix-a-la-convocatoria-de-manifestacio-dels-agricultors-per-al-25-de-febrer\/","title":{"rendered":"Cooperatives Agro-aliment\u00e0ries s&#8217;adhereix a la convocat\u00f2ria de manifestaci\u00f3 dels agricultors per al 25 de febrer"},"content":{"rendered":"\n<p>Cooperatives Agro-aliment\u00e0ries de la Comunitat Valenciana s&#8217;adhereix a la convocat\u00f2ria de manifestaci\u00f3 impulsada per les organitzacions professionals agr\u00e0ries divendres que ve 25 de febrer sota el lema \u201cSOS:  per la superviv\u00e8ncia del camp valenci\u00e0\u201d.<\/p>\n\n\n\n<p>La convocat\u00f2ria mobilitzar\u00e0 a persones i vehicles agr\u00edcoles en un recorregut que comen\u00e7ar\u00e0 al carrer X\u00e0tiva i discorrer\u00e0 pel centre de Val\u00e8ncia fins a la Delegaci\u00f3 del Govern, on es donar\u00e0 lectura a un manifest com\u00fa. La taula reivindicativa d&#8217;aquesta manifestaci\u00f3 al\u00b7ludeix a q\u00fcestions com l&#8217;adopci\u00f3 de mesures extraordin\u00e0ries que alleugin l&#8217;escalada de costos de producci\u00f3 agr\u00edcoles i ramaders; la posada en marxa de plans de reconversi\u00f3 i reestructuraci\u00f3 per a sectors en crisis; la implicaci\u00f3 de les Administracions per a fer front a les amenaces fito i zoosanit\u00e0ries; la revisi\u00f3 d&#8217;acords comercials i l&#8217;avaluaci\u00f3 de l&#8217;impacte real de les estrat\u00e8gies vinculades al Pacte Verd Europeu; l&#8217;adaptaci\u00f3 de la Reforma Laboral a les necessitats de l&#8217;agricultura valenciana; o la millora de les estrat\u00e8gies de lluita contra els robatoris en camp, entre altres aspectes.<\/p>\n\n\n\n<p>Cirilo Arnandis, president de Cooperatives Agro-aliment\u00e0ries de la Comunitat Valenciana, considera &#8220;que desafortunadament, la situaci\u00f3 no ha millorat en absolut des de la hist\u00f2rica concentraci\u00f3 de 2020, en la qual al voltant de 10.000 persones i 2.000 vehicles agr\u00edcoles van protestar a Val\u00e8ncia. \u00c9s necessari tornar a sortir al carrer per a fer veure als nostres representants pol\u00edtics i al conjunt de la societat que est\u00e0 en risc el futur de la nostra agricultura\u201d. Informa, <strong>Luis Ib\u00e1\u00f1ez<\/strong>.<\/p>\n","protected":false},"excerpt":{"rendered":"<div class=\"mh-excerpt\">Cooperatives Agro-aliment\u00e0ries de la Comunitat Valenciana s&#8217;adhereix a la convocat\u00f2ria de manifestaci\u00f3 impulsada per les organitzacions professionals agr\u00e0ries divendres que ve 25 de febrer sota el lema \u201cSOS: per la superviv\u00e8ncia del camp valenci\u00e0\u201d. La <a class=\"mh-excerpt-more\" href=\"https:\/\/www.tucomarca.com\/wordpress\/segunda\/ca\/cooperatives-agro-alimentaries-sadhereix-a-la-convocatoria-de-manifestacio-dels-agricultors-per-al-25-de-febrer\/\" title=\"Cooperatives Agro-aliment\u00e0ries s&#8217;adhereix a la convocat\u00f2ria de manifestaci\u00f3 dels agricultors per al 25 de febrer\">[+] <\/a><\/div>\n","protected":false},"author":1,"featured_media":149033,"comment_status":"open","ping_status":"open","sticky":false,"template":"","format":"standard","meta":{"footnotes":""},"categories":[10890,10905,10951,10892,11046,10948,10894,10904,10947,10909,10896],"tags":[11309,10899,10914,10910],"class_list":{"0":"post-149260","1":"post","2":"type-post","3":"status-publish","4":"format-standard","5":"has-post-thumbnail","7":"category-ademus","8":"category-agricultura-la-comarca-ca","9":"category-ayora-cofrentes-ca","10":"category-camp-de-turia-ca","11":"category-los-serranos-ca","12":"category-infraestructuras-ca","13":"category-la-comarca-ca","14":"category-sin-categorizar-ca","15":"category-politica","16":"category-requena-utiel-ca","17":"category-seccion-ca","18":"tag-agricultura-ca","19":"tag-camp-de-turia-ca","20":"tag-la-hoya-de-bunol-chiva-ca","21":"tag-requena-utiel-ca"},"_links":{"self":[{"href":"https:\/\/www.tucomarca.com\/wordpress\/segunda\/ca\/wp-json\/wp\/v2\/posts\/149260","targetHints":{"allow":["GET"]}}],"collection":[{"href":"https:\/\/www.tucomarca.com\/wordpress\/segunda\/ca\/wp-json\/wp\/v2\/posts"}],"about":[{"href":"https:\/\/www.tucomarca.com\/wordpress\/segunda\/ca\/wp-json\/wp\/v2\/types\/post"}],"author":[{"embeddable":true,"href":"https:\/\/www.tucomarca.com\/wordpress\/segunda\/ca\/wp-json\/wp\/v2\/users\/1"}],"replies":[{"embeddable":true,"href":"https:\/\/www.tucomarca.com\/wordpress\/segunda\/ca\/wp-json\/wp\/v2\/comments?post=149260"}],"version-history":[{"count":0,"href":"https:\/\/www.tucomarca.com\/wordpress\/segunda\/ca\/wp-json\/wp\/v2\/posts\/149260\/revisions"}],"wp:featuredmedia":[{"embeddable":true,"href":"https:\/\/www.tucomarca.com\/wordpress\/segunda\/ca\/wp-json\/wp\/v2\/media\/149033"}],"wp:attachment":[{"href":"https:\/\/www.tucomarca.com\/wordpress\/segunda\/ca\/wp-json\/wp\/v2\/media?parent=149260"}],"wp:term":[{"taxonomy":"category","embeddable":true,"href":"https:\/\/www.tucomarca.com\/wordpress\/segunda\/ca\/wp-json\/wp\/v2\/categories?post=149260"},{"taxonomy":"post_tag","embeddable":true,"href":"https:\/\/www.tucomarca.com\/wordpress\/segunda\/ca\/wp-json\/wp\/v2\/tags?post=149260"}],"curies":[{"name":"wp","href":"https:\/\/api.w.org\/{rel}","templated":true}]}}