{"id":149457,"date":"2022-02-21T09:00:00","date_gmt":"2022-02-21T08:00:00","guid":{"rendered":"http:\/\/www.tucomarca.com\/wordpress\/segunda\/?p=149457"},"modified":"2022-02-21T11:55:57","modified_gmt":"2022-02-21T10:55:57","slug":"las-peliculas-la-vida-de-los-otros-y-missing-protagonistas-del-ciclo-de-cine-del-psoe-de-bunol","status":"publish","type":"post","link":"https:\/\/www.tucomarca.com\/wordpress\/segunda\/ca\/las-peliculas-la-vida-de-los-otros-y-missing-protagonistas-del-ciclo-de-cine-del-psoe-de-bunol\/","title":{"rendered":"Les pel\u00b7l\u00edcules &#8216;La Vida dels altres&#8217; i &#8216;Missing&#8217;, protagonistes del cicle de cinema del PSOE de Bunyol"},"content":{"rendered":"\n<p>Durant aquest mes de febrer, l&#8217;agrupaci\u00f3 socialista de Bunyol ha portat endavant la projecci\u00f3 de dues pel\u00b7l\u00edcules de marcat car\u00e0cter pol\u00edtic. El passat 13 de febrer s&#8217;obria aquest cicle amb &#8216;La Vida dels altres&#8217;, de Florian Henckel Von Dannersmarck. Pel\u00b7l\u00edcula de 2006 i que es va emportar l&#8217;\u00d3scar a la millor pel\u00b7l\u00edcula estrangera. <\/p>\n\n\n\n<p>El film tracta de la decad\u00e8ncia de l&#8217;extinta Rep\u00fablica Democr\u00e0tica d&#8217;Alemanya a mitjan 80 i la seva enorme obsessi\u00f3, pel control de tots els seus ciutadans, perqu\u00e8 el r\u00e8gim totalitari no s&#8217;ensorr\u00e9s. Per la seua part el diumenge passat, va ser el torn per a &#8216;Missing&#8217;; pel\u00b7l\u00edcula de Costa Gavras de 1982, que tamb\u00e9 va rebre un \u00d3scar, en aquesta ocasi\u00f3 al millor gui\u00f3 adaptat. El llargmetratge tracta sobre el cop d&#8217;estat que es va produir a Salvador All\u00e8n a Xile, en 1973.<\/p>\n\n\n\n<p>Per a la presentaci\u00f3 d&#8217;aquests actes duts a terme en la seu del PSOE de Bunyol, els socialistes van comptar amb Natxo Almela; cin\u00e8fil empedre\u00eft i que t\u00e9 experi\u00e8ncia en la presentaci\u00f3 de cinema comprom\u00e8s i de den\u00fancia social. <\/p>\n\n\n\n<p>Des dels socialistes de Bunyol agraeixen el bon acolliment que ha tingut aquest cicle de cinema, entre els militants i simpatitzants del partit i esperen que amb la finalitat de la sisena ona en poques setmanes, a poc a poc es puguin anar celebrant m\u00e9s activitats i recuperar la vida social de l&#8217;agrupaci\u00f3 a nivells anteriors a la pand\u00e8mia.<\/p>\n","protected":false},"excerpt":{"rendered":"<div class=\"mh-excerpt\">Durant aquest mes de febrer, l&#8217;agrupaci\u00f3 socialista de Bunyol ha portat endavant la projecci\u00f3 de dues pel\u00b7l\u00edcules de marcat car\u00e0cter pol\u00edtic. El passat 13 de febrer s&#8217;obria aquest cicle amb &#8216;La Vida dels altres&#8217;, de <a class=\"mh-excerpt-more\" href=\"https:\/\/www.tucomarca.com\/wordpress\/segunda\/ca\/las-peliculas-la-vida-de-los-otros-y-missing-protagonistas-del-ciclo-de-cine-del-psoe-de-bunol\/\" title=\"Les pel\u00b7l\u00edcules &#8216;La Vida dels altres&#8217; i &#8216;Missing&#8217;, protagonistes del cicle de cinema del PSOE de Bunyol\">[+] <\/a><\/div>\n","protected":false},"author":1,"featured_media":149460,"comment_status":"open","ping_status":"open","sticky":false,"template":"","format":"standard","meta":{"footnotes":""},"categories":[10911,10948,10894,10912,11007,10947,10896],"tags":[10913,10914,11319],"class_list":{"0":"post-149457","1":"post","2":"type-post","3":"status-publish","4":"format-standard","5":"has-post-thumbnail","7":"category-bunol-ca","8":"category-infraestructuras-ca","9":"category-la-comarca-ca","10":"category-la-hoya-ca","11":"category-ocio-y-cultura-ca","12":"category-politica","13":"category-seccion-ca","14":"tag-bunol-ca","15":"tag-la-hoya-de-bunol-chiva-ca","16":"tag-pspv-psoe-ca"},"_links":{"self":[{"href":"https:\/\/www.tucomarca.com\/wordpress\/segunda\/ca\/wp-json\/wp\/v2\/posts\/149457","targetHints":{"allow":["GET"]}}],"collection":[{"href":"https:\/\/www.tucomarca.com\/wordpress\/segunda\/ca\/wp-json\/wp\/v2\/posts"}],"about":[{"href":"https:\/\/www.tucomarca.com\/wordpress\/segunda\/ca\/wp-json\/wp\/v2\/types\/post"}],"author":[{"embeddable":true,"href":"https:\/\/www.tucomarca.com\/wordpress\/segunda\/ca\/wp-json\/wp\/v2\/users\/1"}],"replies":[{"embeddable":true,"href":"https:\/\/www.tucomarca.com\/wordpress\/segunda\/ca\/wp-json\/wp\/v2\/comments?post=149457"}],"version-history":[{"count":0,"href":"https:\/\/www.tucomarca.com\/wordpress\/segunda\/ca\/wp-json\/wp\/v2\/posts\/149457\/revisions"}],"wp:featuredmedia":[{"embeddable":true,"href":"https:\/\/www.tucomarca.com\/wordpress\/segunda\/ca\/wp-json\/wp\/v2\/media\/149460"}],"wp:attachment":[{"href":"https:\/\/www.tucomarca.com\/wordpress\/segunda\/ca\/wp-json\/wp\/v2\/media?parent=149457"}],"wp:term":[{"taxonomy":"category","embeddable":true,"href":"https:\/\/www.tucomarca.com\/wordpress\/segunda\/ca\/wp-json\/wp\/v2\/categories?post=149457"},{"taxonomy":"post_tag","embeddable":true,"href":"https:\/\/www.tucomarca.com\/wordpress\/segunda\/ca\/wp-json\/wp\/v2\/tags?post=149457"}],"curies":[{"name":"wp","href":"https:\/\/api.w.org\/{rel}","templated":true}]}}