{"id":149731,"date":"2022-02-24T12:09:17","date_gmt":"2022-02-24T11:09:17","guid":{"rendered":"http:\/\/www.tucomarca.com\/wordpress\/segunda\/?p=149731"},"modified":"2022-02-24T12:09:21","modified_gmt":"2022-02-24T11:09:21","slug":"turis-adquireix-un-nou-quad-per-a-millorar-els-serveis-publics","status":"publish","type":"post","link":"https:\/\/www.tucomarca.com\/wordpress\/segunda\/ca\/turis-adquireix-un-nou-quad-per-a-millorar-els-serveis-publics\/","title":{"rendered":"Tur\u00eds adquireix un nou quad per a millorar els serveis p\u00fablics"},"content":{"rendered":"\n<p>L\u2019Ajuntament de Tur\u00eds ha adquirit un quad per a \u00fas de la Brigada Municipal d\u2019Obres, que es destinar\u00e0 principalment a la neteja de la vegetaci\u00f3 de les voreres de camins i vies del terme municipal per a millorar la circulaci\u00f3 i fer-la m\u00e9s segura.<\/p>\n\n\n\n<p>El vehicle \u00e9s molt complet i a m\u00e9s de comptar amb un bra\u00e7 articulat que facilitar\u00e0 les tasques i les far\u00e0 m\u00e9s segures tamb\u00e9 compta amb cabestrant que ser\u00e0 de molta utilitat en cas de realitzar alguna tasca d\u2019arrossegament.<\/p>\n\n\n\n<p><\/p>\n","protected":false},"excerpt":{"rendered":"<div class=\"mh-excerpt\">L\u2019Ajuntament de Tur\u00eds ha adquirit un quad per a \u00fas de la Brigada Municipal d\u2019Obres, que es destinar\u00e0 principalment a la neteja de la vegetaci\u00f3 de les voreres de camins i vies del terme municipal <a class=\"mh-excerpt-more\" href=\"https:\/\/www.tucomarca.com\/wordpress\/segunda\/ca\/turis-adquireix-un-nou-quad-per-a-millorar-els-serveis-publics\/\" title=\"Tur\u00eds adquireix un nou quad per a millorar els serveis p\u00fablics\">[+] <\/a><\/div>\n","protected":false},"author":12,"featured_media":149730,"comment_status":"open","ping_status":"open","sticky":false,"template":"","format":"standard","meta":{"footnotes":""},"categories":[10905,10948,10894,10902,10903,10947,10896,11047],"tags":[16416,11356,16417,11093],"class_list":{"0":"post-149731","1":"post","2":"type-post","3":"status-publish","4":"format-standard","5":"has-post-thumbnail","7":"category-agricultura-la-comarca-ca","8":"category-infraestructuras-ca","9":"category-la-comarca-ca","10":"category-la-ribera-ca","11":"category-medio-ambiente-la-comarca-ca","12":"category-politica","13":"category-seccion-ca","14":"category-turis-ca","15":"tag-quad-ca","16":"tag-ribera-alta-ca","17":"tag-servicios-publicos-ca","18":"tag-turis-ca"},"_links":{"self":[{"href":"https:\/\/www.tucomarca.com\/wordpress\/segunda\/ca\/wp-json\/wp\/v2\/posts\/149731","targetHints":{"allow":["GET"]}}],"collection":[{"href":"https:\/\/www.tucomarca.com\/wordpress\/segunda\/ca\/wp-json\/wp\/v2\/posts"}],"about":[{"href":"https:\/\/www.tucomarca.com\/wordpress\/segunda\/ca\/wp-json\/wp\/v2\/types\/post"}],"author":[{"embeddable":true,"href":"https:\/\/www.tucomarca.com\/wordpress\/segunda\/ca\/wp-json\/wp\/v2\/users\/12"}],"replies":[{"embeddable":true,"href":"https:\/\/www.tucomarca.com\/wordpress\/segunda\/ca\/wp-json\/wp\/v2\/comments?post=149731"}],"version-history":[{"count":0,"href":"https:\/\/www.tucomarca.com\/wordpress\/segunda\/ca\/wp-json\/wp\/v2\/posts\/149731\/revisions"}],"wp:featuredmedia":[{"embeddable":true,"href":"https:\/\/www.tucomarca.com\/wordpress\/segunda\/ca\/wp-json\/wp\/v2\/media\/149730"}],"wp:attachment":[{"href":"https:\/\/www.tucomarca.com\/wordpress\/segunda\/ca\/wp-json\/wp\/v2\/media?parent=149731"}],"wp:term":[{"taxonomy":"category","embeddable":true,"href":"https:\/\/www.tucomarca.com\/wordpress\/segunda\/ca\/wp-json\/wp\/v2\/categories?post=149731"},{"taxonomy":"post_tag","embeddable":true,"href":"https:\/\/www.tucomarca.com\/wordpress\/segunda\/ca\/wp-json\/wp\/v2\/tags?post=149731"}],"curies":[{"name":"wp","href":"https:\/\/api.w.org\/{rel}","templated":true}]}}