{"id":149743,"date":"2022-02-24T09:05:00","date_gmt":"2022-02-24T08:05:00","guid":{"rendered":"http:\/\/www.tucomarca.com\/wordpress\/segunda\/?p=149743"},"modified":"2022-02-24T12:02:21","modified_gmt":"2022-02-24T11:02:21","slug":"avam-organitza-el-2-de-marc-diverses-activitats-culturals-una-assemblea-general-i-una-xerrada-de-avacu","status":"publish","type":"post","link":"https:\/\/www.tucomarca.com\/wordpress\/segunda\/ca\/avam-organitza-el-2-de-marc-diverses-activitats-culturals-una-assemblea-general-i-una-xerrada-de-avacu\/","title":{"rendered":"AVAM organitza el 2 de mar\u00e7 diverses activitats culturals, una assemblea general i una xerrada de AVACU"},"content":{"rendered":"\n<p>El pr\u00f2xim 2 de mar\u00e7, l&#8217;Associaci\u00f3 Valenciana d&#8217;Agricultors Majors (AVAM) , integrada en l&#8217;Associaci\u00f3 Valenciana d&#8217;Agricultors (AVA-ASAJA) realitzar\u00e0 una ruta guiada a la Biblioteca P\u00fablica de Val\u00e8ncia, situada al Parc de l&#8217;Hospital. Durant el recorregut s&#8217;explicar\u00e0 la maqueta de Val\u00e8ncia basada en el fam\u00f3s pla del Pare Tosca en el MUVIM i posteriorment es realitzar\u00e0 una visita guiada al Museu del Col\u00b7legi de l&#8217;Art Major de la Seda. Al migdia les persones interessades podran acudir a veure la masclet\u00e0 a la pla\u00e7a de l&#8217;ajuntament.<br>Despr\u00e9s del menjar se celebrar\u00e0 l&#8217;Assemblea General Ordin\u00e0ria de AVAM en la Seu de AVA-ASAJA. Una vegada conclosa, es donar\u00e0 pas a la xerrada de l&#8217;Associaci\u00f3 Valenciana de Consumidors i Usuaris (AVACU) a c\u00e0rrec de Juli\u00e1n Tio, cap del gabinet d&#8217;informaci\u00f3 de l&#8217;entitat. En la confer\u00e8ncia s&#8217;oferiran recomanacions i maneres d&#8217;actuar enfront de dificultats per a tractar amb les entitats banc\u00e0ries, tancament d&#8217;oficines, no atenci\u00f3 presencial, tr\u00e0mits en l\u00ednia, agreujament en les zones rurals. Tamb\u00e9 s&#8217;informar\u00e0 sobre com detectar possibles fraus, interpretar factures (llum, telefonia, etc.) i realitzar reclamacions sobre aquest tema.<br>Les persones interessades hauran de confirmar assist\u00e8ncia telefonant al 96 380 46 06 (preguntant per Mar\u00eda Carmen). Informa, <strong>Luis Ib\u00e1\u00f1ez<\/strong>.<\/p>\n","protected":false},"excerpt":{"rendered":"<div class=\"mh-excerpt\">El pr\u00f2xim 2 de mar\u00e7, l&#8217;Associaci\u00f3 Valenciana d&#8217;Agricultors Majors (AVAM) , integrada en l&#8217;Associaci\u00f3 Valenciana d&#8217;Agricultors (AVA-ASAJA) realitzar\u00e0 una ruta guiada a la Biblioteca P\u00fablica de Val\u00e8ncia, situada al Parc de l&#8217;Hospital. Durant el recorregut <a class=\"mh-excerpt-more\" href=\"https:\/\/www.tucomarca.com\/wordpress\/segunda\/ca\/avam-organitza-el-2-de-marc-diverses-activitats-culturals-una-assemblea-general-i-una-xerrada-de-avacu\/\" title=\"AVAM organitza el 2 de mar\u00e7 diverses activitats culturals, una assemblea general i una xerrada de AVACU\">[+] <\/a><\/div>\n","protected":false},"author":1,"featured_media":149740,"comment_status":"open","ping_status":"open","sticky":false,"template":"","format":"standard","meta":{"footnotes":""},"categories":[10890,11019,10905,11046,10948,10963,10894,10904,10947,10909,10896],"tags":[11309,11924],"class_list":{"0":"post-149743","1":"post","2":"type-post","3":"status-publish","4":"format-standard","5":"has-post-thumbnail","7":"category-ademus","8":"category-agenda-ca","9":"category-agricultura-la-comarca-ca","10":"category-los-serranos-ca","11":"category-infraestructuras-ca","12":"category-la-canal-de-navarres-ca","13":"category-la-comarca-ca","14":"category-sin-categorizar-ca","15":"category-politica","16":"category-requena-utiel-ca","17":"category-seccion-ca","18":"tag-agricultura-ca","19":"tag-ava-asaja-ca"},"_links":{"self":[{"href":"https:\/\/www.tucomarca.com\/wordpress\/segunda\/ca\/wp-json\/wp\/v2\/posts\/149743","targetHints":{"allow":["GET"]}}],"collection":[{"href":"https:\/\/www.tucomarca.com\/wordpress\/segunda\/ca\/wp-json\/wp\/v2\/posts"}],"about":[{"href":"https:\/\/www.tucomarca.com\/wordpress\/segunda\/ca\/wp-json\/wp\/v2\/types\/post"}],"author":[{"embeddable":true,"href":"https:\/\/www.tucomarca.com\/wordpress\/segunda\/ca\/wp-json\/wp\/v2\/users\/1"}],"replies":[{"embeddable":true,"href":"https:\/\/www.tucomarca.com\/wordpress\/segunda\/ca\/wp-json\/wp\/v2\/comments?post=149743"}],"version-history":[{"count":0,"href":"https:\/\/www.tucomarca.com\/wordpress\/segunda\/ca\/wp-json\/wp\/v2\/posts\/149743\/revisions"}],"wp:featuredmedia":[{"embeddable":true,"href":"https:\/\/www.tucomarca.com\/wordpress\/segunda\/ca\/wp-json\/wp\/v2\/media\/149740"}],"wp:attachment":[{"href":"https:\/\/www.tucomarca.com\/wordpress\/segunda\/ca\/wp-json\/wp\/v2\/media?parent=149743"}],"wp:term":[{"taxonomy":"category","embeddable":true,"href":"https:\/\/www.tucomarca.com\/wordpress\/segunda\/ca\/wp-json\/wp\/v2\/categories?post=149743"},{"taxonomy":"post_tag","embeddable":true,"href":"https:\/\/www.tucomarca.com\/wordpress\/segunda\/ca\/wp-json\/wp\/v2\/tags?post=149743"}],"curies":[{"name":"wp","href":"https:\/\/api.w.org\/{rel}","templated":true}]}}