{"id":149804,"date":"2022-02-24T12:30:00","date_gmt":"2022-02-24T11:30:00","guid":{"rendered":"http:\/\/www.tucomarca.com\/wordpress\/segunda\/?p=149804"},"modified":"2022-02-24T13:00:22","modified_gmt":"2022-02-24T12:00:22","slug":"leliana-es-prepara-per-a-celebrar-la-setmana-de-la-dona-2022","status":"publish","type":"post","link":"https:\/\/www.tucomarca.com\/wordpress\/segunda\/ca\/leliana-es-prepara-per-a-celebrar-la-setmana-de-la-dona-2022\/","title":{"rendered":"L\u2019Eliana es prepara per a celebrar la Setmana de la Dona 2022"},"content":{"rendered":"\n<p><strong>L\u2019Ajuntament oferir\u00e0 un servei d\u2019autob\u00fas gratu\u00eft per a assistir a la marxa reivindicativa del 8M a Val\u00e8ncia.<\/strong><\/p>\n\n\n\n<p>L\u2019Ajuntament de l\u2019Eliana torna a acollir de manera presencial la Setmana de la Dona amb motiu del Dia Internacional de la Dona el 8 de mar\u00e7. Per a celebrar-ho, el Consistori ha organitzat una setmana intensiva plena d\u2019activitats de l\u20191 al 8 de mar\u00e7.&nbsp;<\/p>\n\n\n\n<p>Els actes comen\u00e7aran el dimarts 1 amb la seua inauguraci\u00f3 a les 12 hores a la pla\u00e7a del Pa\u00eds Valenci\u00e0 i el concert anomenat \u201cLa composici\u00f3 tamb\u00e9 \u00e9s cosa de dones\u201d a c\u00e0rrec de Sep\u00f3-Bernard D\u00fao, que tindr\u00e0 lloc a les 19 hores al Centre Sociocultural. L\u2019endem\u00e0, es duran a terme diverses activitats esportives que, amb el lema \u201cDona i Esport\u201d reuniran a aquelles persones que vulguen participar a partir de les 18 hores al Poliesportiu Municipal.<\/p>\n\n\n\n<p>Per altra banda, el Nou Espai del Centre Sociocultural acollir\u00e0 el dijous 3 a les 19 hores la xarrada de la periodista elianera Ver\u00f3nica S\u00f2ria titulada \u201cPensant en femen\u00ed: all\u00f2 que l\u2019espill no mostra (transtorns de conducta aliment\u00e0ria)\u201d,que comptar\u00e0 amb la col\u00b7laboraci\u00f3 de Lliures, Associaci\u00f3 Feminista de l\u2019Eliana. I el divendres 4 de mar\u00e7 a les 19 hores un concurs de preguntes (<em>Kahoot<\/em>) sobre la hist\u00f2ria de la dona a c\u00e0rrec de la tamb\u00e9 elianera \u2018Sonituns\u2019, emprenedora local i&nbsp;<em>tiktoker<\/em>.<\/p>\n\n\n\n<p>El diumenge 6 de mar\u00e7 a les 14 hores la regidoria d\u2019Igualtat ha organitzat diverses activitats, com una partida de pilota valenciana entre dones al carrer Verge del Rosari, o una \u201cMasclet\u00e0 Morada\u201d a c\u00e0rrec de Reyes Mart\u00ed al p\u00e0rquing del Poliesportiu. M\u00e9s tard, a les 14.30 hores s\u2019oferir\u00e0 una paella popular amb aforament limitat per a les primeres 600 persones.&nbsp;<\/p>\n\n\n\n<p>Tot seguit, el dilluns 7 de mar\u00e7 a les 19 hores es projectar\u00e0 el documental \u201cLa Primera Toga\u201d sobre a la figura d\u2019Ascenci\u00f3n Xirivella a la Sala Pep Torrent del Centre Sociocultural amb un posterior col\u00b7loqui. I, finalment, el dimarts 8 de mar\u00e7, Dia Internacional de la Dona, i com a colof\u00f3, l\u2019\u00e0rea d\u2019Igualtat ha organitzat una eixida a Val\u00e8ncia per a assistir a la marxa reivindicativa del 8M amb servei d\u2019autob\u00fas gratu\u00eft.&nbsp;<\/p>\n\n\n\n<p>La regidora d\u2019Igualtat, Concha Montaner ha convidat a la ciutadania a participar en les diverses activitats organitzades i ha recordat que per a sol\u00b7licitar el servei d\u2019autob\u00fas per a assistir a la manifestaci\u00f3 del 8M a Val\u00e8ncia s\u2019haur\u00e0 de fer una reserva pr\u00e8via a trav\u00e9s de Whatsapp al n\u00famero 661 496 257 indicant el nom i els cognoms abans del dilluns 28 de febrer.<\/p>\n","protected":false},"excerpt":{"rendered":"<div class=\"mh-excerpt\">L\u2019Ajuntament oferir\u00e0 un servei d\u2019autob\u00fas gratu\u00eft per a assistir a la marxa reivindicativa del 8M a Val\u00e8ncia. L\u2019Ajuntament de l\u2019Eliana torna a acollir de manera presencial la Setmana de la Dona amb motiu del Dia <a class=\"mh-excerpt-more\" href=\"https:\/\/www.tucomarca.com\/wordpress\/segunda\/ca\/leliana-es-prepara-per-a-celebrar-la-setmana-de-la-dona-2022\/\" title=\"L\u2019Eliana es prepara per a celebrar la Setmana de la Dona 2022\">[+] <\/a><\/div>\n","protected":false},"author":1,"featured_media":149801,"comment_status":"open","ping_status":"open","sticky":false,"template":"","format":"standard","meta":{"footnotes":""},"categories":[11019,10892,10948,10894,10893,10947,10896],"tags":[10899,11993,16419],"class_list":{"0":"post-149804","1":"post","2":"type-post","3":"status-publish","4":"format-standard","5":"has-post-thumbnail","7":"category-agenda-ca","8":"category-camp-de-turia-ca","9":"category-infraestructuras-ca","10":"category-la-comarca-ca","11":"category-leliana-ca","12":"category-politica","13":"category-seccion-ca","14":"tag-camp-de-turia-ca","15":"tag-eliana-ca","16":"tag-mujer-trabajadora-ca"},"_links":{"self":[{"href":"https:\/\/www.tucomarca.com\/wordpress\/segunda\/ca\/wp-json\/wp\/v2\/posts\/149804","targetHints":{"allow":["GET"]}}],"collection":[{"href":"https:\/\/www.tucomarca.com\/wordpress\/segunda\/ca\/wp-json\/wp\/v2\/posts"}],"about":[{"href":"https:\/\/www.tucomarca.com\/wordpress\/segunda\/ca\/wp-json\/wp\/v2\/types\/post"}],"author":[{"embeddable":true,"href":"https:\/\/www.tucomarca.com\/wordpress\/segunda\/ca\/wp-json\/wp\/v2\/users\/1"}],"replies":[{"embeddable":true,"href":"https:\/\/www.tucomarca.com\/wordpress\/segunda\/ca\/wp-json\/wp\/v2\/comments?post=149804"}],"version-history":[{"count":0,"href":"https:\/\/www.tucomarca.com\/wordpress\/segunda\/ca\/wp-json\/wp\/v2\/posts\/149804\/revisions"}],"wp:featuredmedia":[{"embeddable":true,"href":"https:\/\/www.tucomarca.com\/wordpress\/segunda\/ca\/wp-json\/wp\/v2\/media\/149801"}],"wp:attachment":[{"href":"https:\/\/www.tucomarca.com\/wordpress\/segunda\/ca\/wp-json\/wp\/v2\/media?parent=149804"}],"wp:term":[{"taxonomy":"category","embeddable":true,"href":"https:\/\/www.tucomarca.com\/wordpress\/segunda\/ca\/wp-json\/wp\/v2\/categories?post=149804"},{"taxonomy":"post_tag","embeddable":true,"href":"https:\/\/www.tucomarca.com\/wordpress\/segunda\/ca\/wp-json\/wp\/v2\/tags?post=149804"}],"curies":[{"name":"wp","href":"https:\/\/api.w.org\/{rel}","templated":true}]}}