{"id":149861,"date":"2022-02-25T09:03:00","date_gmt":"2022-02-25T08:03:00","guid":{"rendered":"http:\/\/www.tucomarca.com\/wordpress\/segunda\/?p=149861"},"modified":"2022-02-25T11:34:54","modified_gmt":"2022-02-25T10:34:54","slug":"utiel-celebra-el-dia-de-larbre-amb-la-replantacio-de-800-pins-en-sierra-negrete","status":"publish","type":"post","link":"https:\/\/www.tucomarca.com\/wordpress\/segunda\/ca\/utiel-celebra-el-dia-de-larbre-amb-la-replantacio-de-800-pins-en-sierra-negrete\/","title":{"rendered":"Utiel celebra el Dia de l&#8217;Arbre amb la replantaci\u00f3 de 800 pins en Sierra Negrete"},"content":{"rendered":"\n<h4 class=\"wp-block-heading\">La jornada se celebra amb la participaci\u00f3 d&#8217;al voltant de 200 alumnes de 6a de prim\u00e0ria i de 1r de l&#8217;ESO de centres educatius del municipi<\/h4>\n\n\n\n<p>L&#8217;Ajuntament d&#8217;Utiel ha celebrat el Dia de l&#8217;Arbre amb una jornada did\u00e0ctica de conscienciaci\u00f3 mediambiental en la qual estan participant al voltant de 200 estudiants en les tasques de reforestaci\u00f3 en la Muntanya d&#8217;Utilitat P\u00fablica Sierra Negrete.<\/p>\n\n\n\n<p>Despr\u00e9s que l&#8217;any passat s&#8217;hagu\u00e9s de substituir la tradicional sortida a la muntanya per activitats divulgatives en l\u00ednia a causa de la pand\u00e8mia, avui de nou s&#8217;ha repr\u00e8s la plantaci\u00f3 d&#8217;al voltant de 800 arbres en el paratge \u201cToll Olmillos\u201d, situat en les proximitats de Casa Medina.<\/p>\n\n\n\n<p>Una activitat de reforestaci\u00f3 que torna a realitzar-se en aquest paratge de Sierra Negrete pel fet que la plaga de conills ha danyat considerablement la plantaci\u00f3 realitzada l&#8217;any 2020. Per aquest motiu, en aquesta campanya es col\u00b7locaran protectors a cadascun dels exemplars de pi per a evitar de nou l&#8217;atac massiu d&#8217;aquests animals.<\/p>\n\n\n\n<p>Des de les 8 del mat\u00ed, al voltant de 200 estudiants dels centres educatius IES Albereda, Canonge Mu\u00f1oz, Enrique Rambal, Santa Ana i CRA Olena (Les Cuevas, Els Corrals i Les Cases) estan participant en aquesta jornada d&#8217;educaci\u00f3 ambiental dirigida per agents forestals de la comarca. Els instructors mediambientals ofereixen informaci\u00f3 espec\u00edfica sobre els passos a realitzar per a la correcta plantaci\u00f3 i conservaci\u00f3 d&#8217;arbres i traslladen la import\u00e0ncia de preservar el nostre entorn natural i els ecosistemes locals.<\/p>\n\n\n\n<p>Una jornada organitzada per l&#8217;Ajuntament d&#8217;Utiel que compta amb la col\u00b7laboraci\u00f3 de la Generalitat Valenciana en la donaci\u00f3 dels plan\u00e7ons aix\u00ed com d&#8217;altres empreses locals que faciliten diferents recursos de manera altruista, com a productes d&#8217;alimentaci\u00f3 per a l&#8217;esmorzar, protectors de planta, mitj\u00e0 de transport per als escolars etc.<\/p>\n\n\n\n<p><strong>Reforestaci\u00f3 amb 800 arbres<\/strong><\/p>\n\n\n\n<p>Aquest mat\u00ed s&#8217;ha dut a terme la plantaci\u00f3 de pins de diferents esp\u00e8cies i carrasques en la zona forestal \u201cToll dels Olmillos\u201d pr\u00f2xima a l&#8217;entorn del Remei, passant aix\u00ed a reforestar aquest bosc del terme municipal d&#8217;Utiel en el qual ja es van fer treballs de plantaci\u00f3 previs.<\/p>\n\n\n\n<p>Tamb\u00e9 alguns d&#8217;aquests arbres formaran part de l&#8217;entorn dels diferents centres educatius de la localitat.<\/p>\n\n\n\n<p>Pr\u00e8viament, l&#8217;alumnat ha participat en les xerrades informatives relacionades amb la import\u00e0ncia de preservar el medi ambient i la responsabilitat individual que tots tenim amb el nostre entorn natural; els beneficis del bosc, patrimoni natural i cultural essencial per a la vida en el planeta i els efectes i conseq\u00fc\u00e8ncies del canvi clim\u00e0tic.<br>Unes jornades de conviv\u00e8ncia i formaci\u00f3 mediambiental que la Regidoria de Medi Ambient i Desenvolupament Rural continua promovent amb l&#8217;objectiu de donar a con\u00e8ixer els ecosistemes forestals locals, posant el punt de mira en els beneficis ambientals que ens ofereixen els arbres i la necessitat de conservar-los.<br>L&#8217;Ajuntament d&#8217;Utiel agraeix el comprom\u00eds i implicaci\u00f3 de tots els participants i col\u00b7laboradors que un any m\u00e9s fan possible el desenvolupament d&#8217;aquesta campanya de divulgaci\u00f3 i sensibilitzaci\u00f3 mediambiental.<\/p>\n","protected":false},"excerpt":{"rendered":"<div class=\"mh-excerpt\">La jornada se celebra amb la participaci\u00f3 d&#8217;al voltant de 200 alumnes de 6a de prim\u00e0ria i de 1r de l&#8217;ESO de centres educatius del municipi L&#8217;Ajuntament d&#8217;Utiel ha celebrat el Dia de l&#8217;Arbre amb <a class=\"mh-excerpt-more\" href=\"https:\/\/www.tucomarca.com\/wordpress\/segunda\/ca\/utiel-celebra-el-dia-de-larbre-amb-la-replantacio-de-800-pins-en-sierra-negrete\/\" title=\"Utiel celebra el Dia de l&#8217;Arbre amb la replantaci\u00f3 de 800 pins en Sierra Negrete\">[+] <\/a><\/div>\n","protected":false},"author":1,"featured_media":149858,"comment_status":"open","ping_status":"open","sticky":false,"template":"","format":"standard","meta":{"footnotes":""},"categories":[10948,10894,10903,10909,10896,11059],"tags":[13793,10910,11174],"class_list":{"0":"post-149861","1":"post","2":"type-post","3":"status-publish","4":"format-standard","5":"has-post-thumbnail","7":"category-infraestructuras-ca","8":"category-la-comarca-ca","9":"category-medio-ambiente-la-comarca-ca","10":"category-requena-utiel-ca","11":"category-seccion-ca","12":"category-utiel-ca","13":"tag-dia-del-arbol-ca","14":"tag-requena-utiel-ca","15":"tag-utiel-ca"},"_links":{"self":[{"href":"https:\/\/www.tucomarca.com\/wordpress\/segunda\/ca\/wp-json\/wp\/v2\/posts\/149861","targetHints":{"allow":["GET"]}}],"collection":[{"href":"https:\/\/www.tucomarca.com\/wordpress\/segunda\/ca\/wp-json\/wp\/v2\/posts"}],"about":[{"href":"https:\/\/www.tucomarca.com\/wordpress\/segunda\/ca\/wp-json\/wp\/v2\/types\/post"}],"author":[{"embeddable":true,"href":"https:\/\/www.tucomarca.com\/wordpress\/segunda\/ca\/wp-json\/wp\/v2\/users\/1"}],"replies":[{"embeddable":true,"href":"https:\/\/www.tucomarca.com\/wordpress\/segunda\/ca\/wp-json\/wp\/v2\/comments?post=149861"}],"version-history":[{"count":0,"href":"https:\/\/www.tucomarca.com\/wordpress\/segunda\/ca\/wp-json\/wp\/v2\/posts\/149861\/revisions"}],"wp:featuredmedia":[{"embeddable":true,"href":"https:\/\/www.tucomarca.com\/wordpress\/segunda\/ca\/wp-json\/wp\/v2\/media\/149858"}],"wp:attachment":[{"href":"https:\/\/www.tucomarca.com\/wordpress\/segunda\/ca\/wp-json\/wp\/v2\/media?parent=149861"}],"wp:term":[{"taxonomy":"category","embeddable":true,"href":"https:\/\/www.tucomarca.com\/wordpress\/segunda\/ca\/wp-json\/wp\/v2\/categories?post=149861"},{"taxonomy":"post_tag","embeddable":true,"href":"https:\/\/www.tucomarca.com\/wordpress\/segunda\/ca\/wp-json\/wp\/v2\/tags?post=149861"}],"curies":[{"name":"wp","href":"https:\/\/api.w.org\/{rel}","templated":true}]}}