{"id":150178,"date":"2022-03-01T09:00:00","date_gmt":"2022-03-01T08:00:00","guid":{"rendered":"http:\/\/www.tucomarca.com\/wordpress\/segunda\/?p=150178"},"modified":"2022-03-01T11:04:33","modified_gmt":"2022-03-01T10:04:33","slug":"la-cementera-de-bunyol-deixara-dincinerar-residus-despres-de-la-renuncia-presentada-per-cimsa-a-la-generalitat","status":"publish","type":"post","link":"https:\/\/www.tucomarca.com\/wordpress\/segunda\/ca\/la-cementera-de-bunyol-deixara-dincinerar-residus-despres-de-la-renuncia-presentada-per-cimsa-a-la-generalitat\/","title":{"rendered":"La cementera de Bunyol deixar\u00e0 d&#8217;incinerar residus despr\u00e9s de la ren\u00fancia presentada per \u00c7imsa a la Generalitat"},"content":{"rendered":"\n<h4 class=\"wp-block-heading\">Transici\u00f3 Ecol\u00f2gica valora la ren\u00fancia de la cementera de Bunyol a incinerar residus<\/h4>\n\n\n\n<h4 class=\"wp-block-heading\">L&#8217;acord amb els titulars de la planta es recollir\u00e0 en l&#8217;Autoritzaci\u00f3 Ambiental Integrada de la instal\u00b7laci\u00f3&nbsp;<\/h4>\n\n\n\n<h4 class=\"wp-block-heading\">La majoria d&#8217;aquests residus procedien d&#8217;altres comunitats aut\u00f2nomes&nbsp;<\/h4>\n\n\n\n<p>La Conselleria de Transici\u00f3 Ecol\u00f2gica ha valorat la ren\u00fancia de la cementera de Bunyol a la incineraci\u00f3 de residus com a combustible de substituci\u00f3 en el forn de fabricaci\u00f3 de &#8216;cl\u00ednquer&#8217; blanc (compost per a la fabricaci\u00f3 de ciment).&nbsp;<\/p>\n\n\n\n<p>La sol\u00b7licitud, presentada per Cimsa Ciments Espa\u00f1a SAU, en el registre d&#8217;entrada de la Generalitat aquest mes de febrer, s&#8217;inclour\u00e0, a trav\u00e9s de la direcci\u00f3 general de Qualitat i Educaci\u00f3 Ambiental en l&#8217;Autoritzaci\u00f3 Ambiental Integrada dins del proc\u00e9s de revisi\u00f3 de l&#8217;autoritzaci\u00f3 ambiental d&#8217;aquesta instal\u00b7laci\u00f3.&nbsp;<\/p>\n\n\n\n<p>La consellera d&#8217;Agricultura, Desenvolupament Rural, Emerg\u00e8ncia Clim\u00e0tica i Transici\u00f3 Ecol\u00f2gica, Miriea Moll\u00e0, ha assenyalat que la decisi\u00f3 &#8220;suposa un important pas avant en la millora de la sostenibilitat ambiental d&#8217;aquesta mena d&#8217;instal\u00b7lacions en la Comunitat Valenciana i un clar exemple que el teixit social, empresarial i l&#8217;Administraci\u00f3 poden aconseguir objectius comuns&#8221;.&nbsp;<br>Les operacions de valoritzaci\u00f3 energ\u00e8tica de residus perillosos es realitzen en diferents pa\u00efsos de la Uni\u00f3 Europea, inclosa Espanya. Una realitat que ha portat al legislador estatal i a les autoritats europees a incloure&#8217;ls entre els processos susceptibles d&#8217;autoritzaci\u00f3 en la corresponent normativa mediambiental.&nbsp;<\/p>\n\n\n\n<p>A l&#8217;empara d&#8217;aquesta normativa europea, la f\u00e0brica de ciment blanc de Bunyol va obtindre en el seu moment la corresponent autoritzaci\u00f3 per a la utilitzaci\u00f3 de residus perillosos com a combustible de substituci\u00f3, amb els l\u00edmits i condicionants que l&#8217;autoritat mediambiental va acordar en el seu moment.&nbsp;<\/p>\n\n\n\n<p>Referent a aix\u00f2, el nou Pla Integral de Residus de la Comunitat Valenciana, Decret 55\/2019, de 5 d&#8217;abril, del Pircva019, va introduir importants restriccions a l&#8217;\u00fas d&#8217;aquesta mena de materials en els forns de ciment, en requerir, entre altres, un tractament previ en tots els casos, aix\u00ed com noves t\u00e8cniques disponibles en mat\u00e8ria de control.&nbsp;<br>A m\u00e9s, el r\u00e8gim actual de pagament per drets d&#8217;emissi\u00f3 afavoreix la utilitzaci\u00f3 d&#8217;alternatives no perilloses i de biomassa en aquesta mena d&#8217;instal\u00b7lacions enfront d&#8217;altres materials.&nbsp;<\/p>\n\n\n\n<p>En el cas de la cementera de Bunyol, la majoria dels residus incinerats procedien d&#8217;altres comunitats aut\u00f2nomes que a partir d&#8217;ara es tractaran en els territoris d&#8217;origen, en pro del principi de proximitat de la UE.&nbsp;<\/p>\n\n\n\n<p>Per al director general d&#8217;Educaci\u00f3 i Qualitat Ambiental, Joan Piquer, &#8220;aquesta ren\u00fancia suposa la culminaci\u00f3 a un treball conjunt de la societat civil i ambiental de la comarca de la Foia de Bunyol, la Generalitat, aix\u00ed com els ajuntaments de Bunyol i de la resta de la comarca, per a aconseguir aquest objectiu&#8221;.<\/p>\n","protected":false},"excerpt":{"rendered":"<div class=\"mh-excerpt\">Transici\u00f3 Ecol\u00f2gica valora la ren\u00fancia de la cementera de Bunyol a incinerar residus L&#8217;acord amb els titulars de la planta es recollir\u00e0 en l&#8217;Autoritzaci\u00f3 Ambiental Integrada de la instal\u00b7laci\u00f3&nbsp; La majoria d&#8217;aquests residus procedien d&#8217;altres <a class=\"mh-excerpt-more\" href=\"https:\/\/www.tucomarca.com\/wordpress\/segunda\/ca\/la-cementera-de-bunyol-deixara-dincinerar-residus-despres-de-la-renuncia-presentada-per-cimsa-a-la-generalitat\/\" title=\"La cementera de Bunyol deixar\u00e0 d&#8217;incinerar residus despr\u00e9s de la ren\u00fancia presentada per \u00c7imsa a la Generalitat\">[+] <\/a><\/div>\n","protected":false},"author":12,"featured_media":76172,"comment_status":"open","ping_status":"open","sticky":false,"template":"","format":"standard","meta":{"footnotes":""},"categories":[10911,11010,10898,10948,10894,10912,10903,10947,10896],"tags":[10913,16455,14661,13048,16456,10914,16457],"class_list":{"0":"post-150178","1":"post","2":"type-post","3":"status-publish","4":"format-standard","5":"has-post-thumbnail","7":"category-bunol-ca","8":"category-canal-salud","9":"category-ventana-ca","10":"category-infraestructuras-ca","11":"category-la-comarca-ca","12":"category-la-hoya-ca","13":"category-medio-ambiente-la-comarca-ca","14":"category-politica","15":"category-seccion-ca","16":"tag-bunol-ca","17":"tag-cementera-de-bunol-ca","18":"tag-cimsa-ca","19":"tag-conselleria-de-transicion-ecologica-ca","20":"tag-incineracion-de-residuos-ca","21":"tag-la-hoya-de-bunol-chiva-ca","22":"tag-mireia-molla-ca"},"_links":{"self":[{"href":"https:\/\/www.tucomarca.com\/wordpress\/segunda\/ca\/wp-json\/wp\/v2\/posts\/150178","targetHints":{"allow":["GET"]}}],"collection":[{"href":"https:\/\/www.tucomarca.com\/wordpress\/segunda\/ca\/wp-json\/wp\/v2\/posts"}],"about":[{"href":"https:\/\/www.tucomarca.com\/wordpress\/segunda\/ca\/wp-json\/wp\/v2\/types\/post"}],"author":[{"embeddable":true,"href":"https:\/\/www.tucomarca.com\/wordpress\/segunda\/ca\/wp-json\/wp\/v2\/users\/12"}],"replies":[{"embeddable":true,"href":"https:\/\/www.tucomarca.com\/wordpress\/segunda\/ca\/wp-json\/wp\/v2\/comments?post=150178"}],"version-history":[{"count":0,"href":"https:\/\/www.tucomarca.com\/wordpress\/segunda\/ca\/wp-json\/wp\/v2\/posts\/150178\/revisions"}],"wp:featuredmedia":[{"embeddable":true,"href":"https:\/\/www.tucomarca.com\/wordpress\/segunda\/ca\/wp-json\/wp\/v2\/media\/76172"}],"wp:attachment":[{"href":"https:\/\/www.tucomarca.com\/wordpress\/segunda\/ca\/wp-json\/wp\/v2\/media?parent=150178"}],"wp:term":[{"taxonomy":"category","embeddable":true,"href":"https:\/\/www.tucomarca.com\/wordpress\/segunda\/ca\/wp-json\/wp\/v2\/categories?post=150178"},{"taxonomy":"post_tag","embeddable":true,"href":"https:\/\/www.tucomarca.com\/wordpress\/segunda\/ca\/wp-json\/wp\/v2\/tags?post=150178"}],"curies":[{"name":"wp","href":"https:\/\/api.w.org\/{rel}","templated":true}]}}