{"id":151326,"date":"2022-03-11T08:45:00","date_gmt":"2022-03-11T07:45:00","guid":{"rendered":"http:\/\/www.tucomarca.com\/wordpress\/segunda\/?p=151326"},"modified":"2022-03-13T14:47:45","modified_gmt":"2022-03-13T13:47:45","slug":"la-diputacio-celebra-la-segona-jornada-de-la-seua-recepcio-fallera-junt-a-les-comissions","status":"publish","type":"post","link":"https:\/\/www.tucomarca.com\/wordpress\/segunda\/ca\/la-diputacio-celebra-la-segona-jornada-de-la-seua-recepcio-fallera-junt-a-les-comissions\/","title":{"rendered":"La Diputaci\u00f3 celebra la segona jornada de la seua recepci\u00f3 fallera junt a les comissions"},"content":{"rendered":"\n<p>La Diputaci\u00f3 de Val\u00e8ncia ha celebrat hui dijous, 10 de mar\u00e7, la segona jornada de la seua tradicional recepci\u00f3 fallera, en esta ocasi\u00f3 a les comissions. La pla\u00e7a de Manises s&#8217;ha convertit este mat\u00ed en punt de trobada per a centenars de falleres i fallers que han compartit un mat\u00ed ple de m\u00fasica, color i alegria.<\/p>\n\n\n\n<p>Les comissions que han participat en la recepci\u00f3 fallera han desfilat una a una pel Palau de la Batlia abans de continuar la seua visita al Palau dels Bo\u00efl de la Scala i l&#8217;exposici\u00f3 sobre la hist\u00f2ria de les Falles fora de la ciutat de Val\u00e8ncia. Aix\u00ed mateix, han sigut obsequiades amb una reproducci\u00f3 del cartell de Falles 2022 elaborat pel dibuixant i il\u00b7lustrador valenci\u00e0 Paco Roca, aix\u00ed com material promocional vinculat al lema d&#8217;enguany: <em>Un esclafit d\u2019alegria<\/em>.<\/p>\n","protected":false},"excerpt":{"rendered":"<div class=\"mh-excerpt\">La Diputaci\u00f3 de Val\u00e8ncia ha celebrat hui dijous, 10 de mar\u00e7, la segona jornada de la seua tradicional recepci\u00f3 fallera, en esta ocasi\u00f3 a les comissions. La pla\u00e7a de Manises s&#8217;ha convertit este mat\u00ed en <a class=\"mh-excerpt-more\" href=\"https:\/\/www.tucomarca.com\/wordpress\/segunda\/ca\/la-diputacio-celebra-la-segona-jornada-de-la-seua-recepcio-fallera-junt-a-les-comissions\/\" title=\"La Diputaci\u00f3 celebra la segona jornada de la seua recepci\u00f3 fallera junt a les comissions\">[+] <\/a><\/div>\n","protected":false},"author":1,"featured_media":151324,"comment_status":"open","ping_status":"open","sticky":false,"template":"","format":"standard","meta":{"footnotes":""},"categories":[10892,11046,10898,10894,10904,10912,10902,11004,11007,11008,10909,10896],"tags":[15308,11499,16351,11500],"class_list":{"0":"post-151326","1":"post","2":"type-post","3":"status-publish","4":"format-standard","5":"has-post-thumbnail","7":"category-camp-de-turia-ca","8":"category-los-serranos-ca","9":"category-ventana-ca","10":"category-la-comarca-ca","11":"category-sin-categorizar-ca","12":"category-la-hoya-ca","13":"category-la-ribera-ca","14":"category-la-semana-en-imagenes-ca","15":"category-ocio-y-cultura-ca","16":"category-pueblos-en-fiestas-ca","17":"category-requena-utiel-ca","18":"category-seccion-ca","19":"tag-diputacion-de-valencia-2-ca","20":"tag-fallas-ca","21":"tag-fallas-2022-ca","22":"tag-falles-ca"},"_links":{"self":[{"href":"https:\/\/www.tucomarca.com\/wordpress\/segunda\/ca\/wp-json\/wp\/v2\/posts\/151326","targetHints":{"allow":["GET"]}}],"collection":[{"href":"https:\/\/www.tucomarca.com\/wordpress\/segunda\/ca\/wp-json\/wp\/v2\/posts"}],"about":[{"href":"https:\/\/www.tucomarca.com\/wordpress\/segunda\/ca\/wp-json\/wp\/v2\/types\/post"}],"author":[{"embeddable":true,"href":"https:\/\/www.tucomarca.com\/wordpress\/segunda\/ca\/wp-json\/wp\/v2\/users\/1"}],"replies":[{"embeddable":true,"href":"https:\/\/www.tucomarca.com\/wordpress\/segunda\/ca\/wp-json\/wp\/v2\/comments?post=151326"}],"version-history":[{"count":0,"href":"https:\/\/www.tucomarca.com\/wordpress\/segunda\/ca\/wp-json\/wp\/v2\/posts\/151326\/revisions"}],"wp:featuredmedia":[{"embeddable":true,"href":"https:\/\/www.tucomarca.com\/wordpress\/segunda\/ca\/wp-json\/wp\/v2\/media\/151324"}],"wp:attachment":[{"href":"https:\/\/www.tucomarca.com\/wordpress\/segunda\/ca\/wp-json\/wp\/v2\/media?parent=151326"}],"wp:term":[{"taxonomy":"category","embeddable":true,"href":"https:\/\/www.tucomarca.com\/wordpress\/segunda\/ca\/wp-json\/wp\/v2\/categories?post=151326"},{"taxonomy":"post_tag","embeddable":true,"href":"https:\/\/www.tucomarca.com\/wordpress\/segunda\/ca\/wp-json\/wp\/v2\/tags?post=151326"}],"curies":[{"name":"wp","href":"https:\/\/api.w.org\/{rel}","templated":true}]}}