{"id":151598,"date":"2022-03-15T09:00:00","date_gmt":"2022-03-15T08:00:00","guid":{"rendered":"http:\/\/www.tucomarca.com\/wordpress\/segunda\/?p=151598"},"modified":"2022-03-15T15:23:49","modified_gmt":"2022-03-15T14:23:49","slug":"riba-roja-sollicita-a-livace-subvenciones-de-16-milions-deuros-destinats-a-la-millora-i-el-desenvolupament-dels-poligons-industrials","status":"publish","type":"post","link":"https:\/\/www.tucomarca.com\/wordpress\/segunda\/ca\/riba-roja-sollicita-a-livace-subvenciones-de-16-milions-deuros-destinats-a-la-millora-i-el-desenvolupament-dels-poligons-industrials\/","title":{"rendered":"Riba-roja sol\u00b7licita a l&#8217;IVACE subvenciones de 1\u20196 milions d&#8217;euros destinats a la millora i el desenvolupament dels pol\u00edgons industrials"},"content":{"rendered":"\n<h4 class=\"wp-block-heading\">La proposta municipal est\u00e0 enfocada a millorar aquestes \u00e0rees<\/h4>\n\n\n\n<p>L&#8217;Ajuntament de Riba-roja de T\u00faria ha sol\u00b7licitat a l&#8217;Institut Valenci\u00e0 de Competitivitat Empresarial (IVACE) subvencions de fins a 1\u20196 milions d&#8217;euros per a treballs de millores en els pol\u00edgons industrials de la localitat. La proposta del govern municipal del PSPV correspon a la convocat\u00f2ria de 2022 els projectes de la qual s&#8217;han d&#8217;iniciar i concloure al llarg d&#8217;aquest mateix any.&nbsp;<\/p>\n\n\n\n<p>Les subvencions sol\u00b7licitades per Riba-roja de T\u00faria a la Generalitat es destinaran al desenvolupament d&#8217;aquestes \u00e0rees industrials que es concentren en les seues m\u00e9s de 6 milions de metres quadrats d&#8217;extensi\u00f3. Les ajudes s&#8217;enfoquen no sols als pol\u00edgons industrials sin\u00f3 tamb\u00e9 al pol\u00edgon log\u00edstic valenci\u00e0 (PLV), una de les \u00e0rees amb major volum empresarial de l&#8217;\u00e0mbit de la Comunitat Valenciana.&nbsp;<\/p>\n\n\n\n<p>D&#8217;aquesta manera, les \u00e0rees que es beneficiaran amb les subvencions concedides pel Ivace es concentraran en fins a huit zones d&#8217;activitat industrial de Riba-roja de T\u00faria en les ubicacions de la qual existeixen m\u00e9s de 2.000 empreses en total. Es tracta de la zona 1 formada pel sector 12 i el pol\u00edgon de la Bassa, per als quals s&#8217;ha sol\u00b7licitat una subvenci\u00f3 de 197.065 euros.&nbsp;<\/p>\n\n\n\n<p>Les peticions de subvenci\u00f3 per a aquestes zones s&#8217;han pres amb els vots a favor del govern del PSPV, a m\u00e9s del Partit Popular, Comprom\u00eds, Esquerra Unida i Podem Riba-roja Pot, mentre que Ciutadans i Vox han optat per l&#8217;abstenci\u00f3. D&#8217;aquesta manera, per al sector 13 i la Masia de Sant Antoni de Poyo s&#8217;han previst altres 197.619 euros en total.&nbsp;<\/p>\n\n\n\n<p>Les sol\u00b7licituds s&#8217;encaminen, tamb\u00e9, a la millora de la zona del pol\u00edgon Casanova, amb altres 199.288 euros, a m\u00e9s dels 198.931 euros per a la zona 4 en la qual s&#8217;inclou el conegut sector 13. La zona 5 amb els pol\u00edgons industrials del Oliveral i el by-pass es doten, segons la previsi\u00f3, amb 197.443 euros. El parc log\u00edstic valenci\u00e0 (PLV) s&#8217;ha previst una subvenci\u00f3 de 199.198 euros.&nbsp;<\/p>\n\n\n\n<p>Finalment, per al Mas de Bal\u00f3 de Riba-roja de T\u00faria es destinaran 198.179 euros i per al pol\u00edgon industrial de Entrevies s&#8217;han dissenyat projectes i millora de l&#8217;\u00e0rea amb fins a altres 199.982 euros en total. En termes globals, la suma sol\u00b7licitada aconsegueix els citats 1\u20196 milions d&#8217;euros sol\u00b7licitats a la Generalitat Valenciana que ara haur\u00e0 d&#8217;atendre aquesta sol\u00b7licitud. Les ajudes es concedeixen per a projectes d&#8217;inversi\u00f3 per a millora, modernitzaci\u00f3 i dotaci\u00f3 d&#8217;infraestructures i serveis en pol\u00edgons, \u00e0rees industrials i enclavaments tecnol\u00f2gics de la Comunitat Valenciana.&nbsp;<\/p>\n\n\n\n<p>Cal recordar que en els \u00faltims anys s&#8217;han obtingut diverses subvencions i ajudes econ\u00f2miques per part de la Generalitat, a trav\u00e9s del Ivace, per valor de m\u00e9s de 3\u20194 milions d&#8217;euros, entre els quals s&#8217;inclouen els 2\u20192 milions desenvolupats i executats al llarg dels anys 2018 i 2019, als quals s&#8217;afigen els 1\u20192 milions d&#8217;euros gestionats durant l&#8217;exercici econ\u00f2mic de l&#8217;any 2021.&nbsp;<\/p>\n\n\n\n<p>Precisament, durant l&#8217;any passat es va executar 1 mili\u00f3 d&#8217;euros addicional aportat per les pr\u00f2pies arques municipals de Riba-roja de T\u00faria, de manera que el muntant global aconseguit depassa els 2\u20192 milions d&#8217;euros. L&#8217;Ajuntament de Riba-roja de T\u00faria realitza tamb\u00e9 les tasques de manteniment dels pol\u00edgons industrials per valor d&#8217;altres 500.000 euros anuals, la vig\u00e8ncia dels quals es va iniciar en l&#8217;exercici de l&#8217;any 2017.&nbsp;<\/p>\n\n\n\n<p>En els \u00faltims anys s&#8217;han dut a terme diversos projectes i programes de millora en les \u00e0rees industrials de Riba-roja de T\u00faria consistents en mat\u00e8ria d&#8217;enllumenat, tasques de senyal\u00edstica, instal\u00b7laci\u00f3 de c\u00e0meres de seguretat, obres de sanejament, un increment de les zones verdes existents en diverses zones i, finalment, millores vi\u00e0ries.&nbsp;<\/p>\n\n\n\n<p>L&#8217;alcalde de Riba-roja de T\u00faria, Robert Raga, ha afirmat que aquestes ajudes sol\u00b7licitades al Ivace \u201cs\u00f3n una part molt important per a continuar millorant i dotant als nostres pol\u00edgons de les prestacions i les condicions \u00f2ptimes que al final serviran com a motor de creixement econ\u00f2mic i, al mateix temps, permetran la creaci\u00f3 de nous llocs de treball entre els ve\u00efns del nostre municipi\u201d.<\/p>\n\n\n\n<p><\/p>\n","protected":false},"excerpt":{"rendered":"<div class=\"mh-excerpt\">La proposta municipal est\u00e0 enfocada a millorar aquestes \u00e0rees L&#8217;Ajuntament de Riba-roja de T\u00faria ha sol\u00b7licitat a l&#8217;Institut Valenci\u00e0 de Competitivitat Empresarial (IVACE) subvencions de fins a 1\u20196 milions d&#8217;euros per a treballs de millores <a class=\"mh-excerpt-more\" href=\"https:\/\/www.tucomarca.com\/wordpress\/segunda\/ca\/riba-roja-sollicita-a-livace-subvenciones-de-16-milions-deuros-destinats-a-la-millora-i-el-desenvolupament-dels-poligons-industrials\/\" title=\"Riba-roja sol\u00b7licita a l&#8217;IVACE subvenciones de 1\u20196 milions d&#8217;euros destinats a la millora i el desenvolupament dels pol\u00edgons industrials\">[+] <\/a><\/div>\n","protected":false},"author":12,"featured_media":151597,"comment_status":"open","ping_status":"open","sticky":false,"template":"","format":"standard","meta":{"footnotes":""},"categories":[10892,10948,10894,10947,10906,10896],"tags":[10899,13166,15241,15024],"class_list":{"0":"post-151598","1":"post","2":"type-post","3":"status-publish","4":"format-standard","5":"has-post-thumbnail","7":"category-camp-de-turia-ca","8":"category-infraestructuras-ca","9":"category-la-comarca-ca","10":"category-politica","11":"category-riba-roja-ca","12":"category-seccion-ca","13":"tag-camp-de-turia-ca","14":"tag-ivace-ca","15":"tag-poligonos-industriales-riba-roja-ca","16":"tag-riba-roja-de-turia-ca"},"_links":{"self":[{"href":"https:\/\/www.tucomarca.com\/wordpress\/segunda\/ca\/wp-json\/wp\/v2\/posts\/151598","targetHints":{"allow":["GET"]}}],"collection":[{"href":"https:\/\/www.tucomarca.com\/wordpress\/segunda\/ca\/wp-json\/wp\/v2\/posts"}],"about":[{"href":"https:\/\/www.tucomarca.com\/wordpress\/segunda\/ca\/wp-json\/wp\/v2\/types\/post"}],"author":[{"embeddable":true,"href":"https:\/\/www.tucomarca.com\/wordpress\/segunda\/ca\/wp-json\/wp\/v2\/users\/12"}],"replies":[{"embeddable":true,"href":"https:\/\/www.tucomarca.com\/wordpress\/segunda\/ca\/wp-json\/wp\/v2\/comments?post=151598"}],"version-history":[{"count":0,"href":"https:\/\/www.tucomarca.com\/wordpress\/segunda\/ca\/wp-json\/wp\/v2\/posts\/151598\/revisions"}],"wp:featuredmedia":[{"embeddable":true,"href":"https:\/\/www.tucomarca.com\/wordpress\/segunda\/ca\/wp-json\/wp\/v2\/media\/151597"}],"wp:attachment":[{"href":"https:\/\/www.tucomarca.com\/wordpress\/segunda\/ca\/wp-json\/wp\/v2\/media?parent=151598"}],"wp:term":[{"taxonomy":"category","embeddable":true,"href":"https:\/\/www.tucomarca.com\/wordpress\/segunda\/ca\/wp-json\/wp\/v2\/categories?post=151598"},{"taxonomy":"post_tag","embeddable":true,"href":"https:\/\/www.tucomarca.com\/wordpress\/segunda\/ca\/wp-json\/wp\/v2\/tags?post=151598"}],"curies":[{"name":"wp","href":"https:\/\/api.w.org\/{rel}","templated":true}]}}