{"id":151605,"date":"2022-03-15T10:10:00","date_gmt":"2022-03-15T09:10:00","guid":{"rendered":"http:\/\/www.tucomarca.com\/wordpress\/segunda\/?p=151605"},"modified":"2022-03-15T15:30:12","modified_gmt":"2022-03-15T14:30:12","slug":"finalitza-la-formacio-en-competencies-digitals-emmarcada-en-el-pla-docupacio-local-de-xest","status":"publish","type":"post","link":"https:\/\/www.tucomarca.com\/wordpress\/segunda\/ca\/finalitza-la-formacio-en-competencies-digitals-emmarcada-en-el-pla-docupacio-local-de-xest\/","title":{"rendered":"Finalitza la formaci\u00f3 en compet\u00e8ncies digitals emmarcada en el Pla d&#8217;Ocupaci\u00f3 local de Xest"},"content":{"rendered":"\n<p>Aquest mes han finalitzat els cursos de compet\u00e8ncies digitals dels nivells b\u00e0sic 1, b\u00e0sic 2 i intermedi, emmarcats en el Pla d&#8217;Ocupaci\u00f3 de Xest i subvencionats \u00edntegrament per l&#8217;Ajuntament.<\/p>\n\n\n\n<p>La formaci\u00f3 s&#8217;ha realitzat des de novembre de 2021 a mar\u00e7 de 2022 i durant el seu desenvolupament s&#8217;han impartit continguts relacionats amb l&#8217;\u00fas del sistema operatiu, el tractament de la informaci\u00f3, la creaci\u00f3 de contingut, la realitzaci\u00f3 de tr\u00e0mits en l\u00ednia amb l&#8217;administraci\u00f3, l&#8217;adquisici\u00f3 de compet\u00e8ncies digitals per a l&#8217;ocupaci\u00f3, el maneig de xarxes socials i dispositius digitals i l&#8217;aprenentatge de t\u00e8cniques de cerca d&#8217;ocupaci\u00f3 i d&#8217;eines de productivitat per al teletreball, entre altres.<\/p>\n\n\n\n<p>\u201cAquest tipus de formaci\u00f3 t\u00e9 l&#8217;objectiu de formar priorit\u00e0riament a persones desocupades amb voluntat de participaci\u00f3 en el proc\u00e9s de cerca activa d&#8217;ocupaci\u00f3 perqu\u00e8 adquirisquen noves capacitats i habilitats necess\u00e0ries per a desenvolupar la seua activitat professional. Aix\u00ed mateix, aquests cursos faciliten l&#8217;acc\u00e9s i \u00fas de les noves tecnologies en les gestions m\u00e9s comunes de la vida di\u00e0ria per a poder desembolicar-se en condicions d&#8217;igualtat dins de la Societat Digital, a m\u00e9s d&#8217;aconseguir les normes de conducta en les interaccions d&#8217;entorns TIC i aplicar les tecnologies adequadament en diferents espais i contextos, incloent el seu \u00fas per a realitzar tr\u00e0mits amb l&#8217;administraci\u00f3 p\u00fablica\u201d, ha destacat el regidor d&#8217;Ocupaci\u00f3, Jos\u00e9 Vicente Guijarro.<\/p>\n\n\n\n<p><\/p>\n","protected":false},"excerpt":{"rendered":"<div class=\"mh-excerpt\">Aquest mes han finalitzat els cursos de compet\u00e8ncies digitals dels nivells b\u00e0sic 1, b\u00e0sic 2 i intermedi, emmarcats en el Pla d&#8217;Ocupaci\u00f3 de Xest i subvencionats \u00edntegrament per l&#8217;Ajuntament. La formaci\u00f3 s&#8217;ha realitzat des de <a class=\"mh-excerpt-more\" href=\"https:\/\/www.tucomarca.com\/wordpress\/segunda\/ca\/finalitza-la-formacio-en-competencies-digitals-emmarcada-en-el-pla-docupacio-local-de-xest\/\" title=\"Finalitza la formaci\u00f3 en compet\u00e8ncies digitals emmarcada en el Pla d&#8217;Ocupaci\u00f3 local de Xest\">[+] <\/a><\/div>\n","protected":false},"author":12,"featured_media":151603,"comment_status":"open","ping_status":"open","sticky":false,"template":"","format":"standard","meta":{"footnotes":""},"categories":[10948,10894,10912,10947,10896,10974],"tags":[11071,10914,16557],"class_list":{"0":"post-151605","1":"post","2":"type-post","3":"status-publish","4":"format-standard","5":"has-post-thumbnail","7":"category-infraestructuras-ca","8":"category-la-comarca-ca","9":"category-la-hoya-ca","10":"category-politica","11":"category-seccion-ca","12":"category-cheste-ca","13":"tag-cheste","14":"tag-la-hoya-de-bunol-chiva-ca","15":"tag-plan-empleo-local-ca"},"_links":{"self":[{"href":"https:\/\/www.tucomarca.com\/wordpress\/segunda\/ca\/wp-json\/wp\/v2\/posts\/151605","targetHints":{"allow":["GET"]}}],"collection":[{"href":"https:\/\/www.tucomarca.com\/wordpress\/segunda\/ca\/wp-json\/wp\/v2\/posts"}],"about":[{"href":"https:\/\/www.tucomarca.com\/wordpress\/segunda\/ca\/wp-json\/wp\/v2\/types\/post"}],"author":[{"embeddable":true,"href":"https:\/\/www.tucomarca.com\/wordpress\/segunda\/ca\/wp-json\/wp\/v2\/users\/12"}],"replies":[{"embeddable":true,"href":"https:\/\/www.tucomarca.com\/wordpress\/segunda\/ca\/wp-json\/wp\/v2\/comments?post=151605"}],"version-history":[{"count":0,"href":"https:\/\/www.tucomarca.com\/wordpress\/segunda\/ca\/wp-json\/wp\/v2\/posts\/151605\/revisions"}],"wp:featuredmedia":[{"embeddable":true,"href":"https:\/\/www.tucomarca.com\/wordpress\/segunda\/ca\/wp-json\/wp\/v2\/media\/151603"}],"wp:attachment":[{"href":"https:\/\/www.tucomarca.com\/wordpress\/segunda\/ca\/wp-json\/wp\/v2\/media?parent=151605"}],"wp:term":[{"taxonomy":"category","embeddable":true,"href":"https:\/\/www.tucomarca.com\/wordpress\/segunda\/ca\/wp-json\/wp\/v2\/categories?post=151605"},{"taxonomy":"post_tag","embeddable":true,"href":"https:\/\/www.tucomarca.com\/wordpress\/segunda\/ca\/wp-json\/wp\/v2\/tags?post=151605"}],"curies":[{"name":"wp","href":"https:\/\/api.w.org\/{rel}","templated":true}]}}