{"id":152165,"date":"2022-03-18T13:00:00","date_gmt":"2022-03-18T12:00:00","guid":{"rendered":"http:\/\/www.tucomarca.com\/wordpress\/segunda\/?p=152165"},"modified":"2022-03-18T19:06:10","modified_gmt":"2022-03-18T18:06:10","slug":"la-unio-de-llauradors-acollira-refugiats-en-els-albergs-dels-vendimiadors-a-requena-utiel","status":"publish","type":"post","link":"https:\/\/www.tucomarca.com\/wordpress\/segunda\/ca\/la-unio-de-llauradors-acollira-refugiats-en-els-albergs-dels-vendimiadors-a-requena-utiel\/","title":{"rendered":"La Uni\u00f3 de Llauradors acollir\u00e0 refugiats en els albergs dels vendimiadors a Requena-Utiel"},"content":{"rendered":"\n<p>La Uni\u00f3 de Llauradors treballa en aquests moments en diverses actuacions col\u00b7laboratives per a fer costat a les persones refugiades que est\u00e0 provocant la guerra i invasi\u00f3 d&#8217;Ucra\u00efna, com \u00e9s l&#8217;habilitaci\u00f3 de diversos allotjaments o tamb\u00e9 la recaptaci\u00f3 d&#8217;ajuda econ\u00f2mica.<\/p>\n\n\n\n<p>En primer lloc, la Uni\u00f3 ha preparat allotjaments per a les persones refugiades que arriben a la Comunitat Valenciana. Es tracta d&#8217;allotjaments que acullen normalment temporers en la campanya de recol\u00b7lecci\u00f3 de ra\u00efm a la comarca de Requena-Utiel i que entre tots podrien suposar unes 52 places. En aquest sentit, s&#8217;ha cedit ja Casa Brusca, en el llogaret de Cases d&#8217;Utiel, amb una capacitat per a 20 persones. De la mateixa manera, s&#8217;han posat a la disposici\u00f3 de la Generalitat altres cinc cases m\u00e9s en el pol\u00edgon industrial del Tollo a Utiel perqu\u00e8 donen cabuda a altres 32 persones. Informa, <strong>Luis Ib\u00e1\u00f1ez<\/strong>.<\/p>\n\n\n\n<figure class=\"wp-block-image size-large\"><img loading=\"lazy\" decoding=\"async\" width=\"1024\" height=\"768\" src=\"http:\/\/www.tucomarca.com\/wordpress\/segunda\/wp-content\/uploads\/2022\/03\/CasasBruscaUtiel-1024x768.jpg\" alt=\"\" class=\"wp-image-152162\" srcset=\"https:\/\/www.tucomarca.com\/wordpress\/segunda\/wp-content\/uploads\/2022\/03\/CasasBruscaUtiel-1024x768.jpg 1024w, https:\/\/www.tucomarca.com\/wordpress\/segunda\/wp-content\/uploads\/2022\/03\/CasasBruscaUtiel-300x225.jpg 300w, https:\/\/www.tucomarca.com\/wordpress\/segunda\/wp-content\/uploads\/2022\/03\/CasasBruscaUtiel-768x576.jpg 768w, https:\/\/www.tucomarca.com\/wordpress\/segunda\/wp-content\/uploads\/2022\/03\/CasasBruscaUtiel-1536x1152.jpg 1536w, https:\/\/www.tucomarca.com\/wordpress\/segunda\/wp-content\/uploads\/2022\/03\/CasasBruscaUtiel-2048x1536.jpg 2048w, https:\/\/www.tucomarca.com\/wordpress\/segunda\/wp-content\/uploads\/2022\/03\/CasasBruscaUtiel-678x509.jpg 678w, https:\/\/www.tucomarca.com\/wordpress\/segunda\/wp-content\/uploads\/2022\/03\/CasasBruscaUtiel-326x245.jpg 326w, https:\/\/www.tucomarca.com\/wordpress\/segunda\/wp-content\/uploads\/2022\/03\/CasasBruscaUtiel-80x60.jpg 80w\" sizes=\"auto, (max-width: 1024px) 100vw, 1024px\" \/><\/figure>\n","protected":false},"excerpt":{"rendered":"<div class=\"mh-excerpt\">La Uni\u00f3 de Llauradors treballa en aquests moments en diverses actuacions col\u00b7laboratives per a fer costat a les persones refugiades que est\u00e0 provocant la guerra i invasi\u00f3 d&#8217;Ucra\u00efna, com \u00e9s l&#8217;habilitaci\u00f3 de diversos allotjaments o <a class=\"mh-excerpt-more\" href=\"https:\/\/www.tucomarca.com\/wordpress\/segunda\/ca\/la-unio-de-llauradors-acollira-refugiats-en-els-albergs-dels-vendimiadors-a-requena-utiel\/\" title=\"La Uni\u00f3 de Llauradors acollir\u00e0 refugiats en els albergs dels vendimiadors a Requena-Utiel\">[+] <\/a><\/div>\n","protected":false},"author":1,"featured_media":152161,"comment_status":"open","ping_status":"open","sticky":false,"template":"","format":"standard","meta":{"footnotes":""},"categories":[10948,10894,10904,10947,10908,10909,10896,10897,11059],"tags":[11309,11927,10910,16429],"class_list":{"0":"post-152165","1":"post","2":"type-post","3":"status-publish","4":"format-standard","5":"has-post-thumbnail","7":"category-infraestructuras-ca","8":"category-la-comarca-ca","9":"category-sin-categorizar-ca","10":"category-politica","11":"category-requena-ca","12":"category-requena-utiel-ca","13":"category-seccion-ca","14":"category-sucesos-la-comarca-ca","15":"category-utiel-ca","16":"tag-agricultura-ca","17":"tag-la-unio-de-llauradors-ca","18":"tag-requena-utiel-ca","19":"tag-ucrania-ca"},"_links":{"self":[{"href":"https:\/\/www.tucomarca.com\/wordpress\/segunda\/ca\/wp-json\/wp\/v2\/posts\/152165","targetHints":{"allow":["GET"]}}],"collection":[{"href":"https:\/\/www.tucomarca.com\/wordpress\/segunda\/ca\/wp-json\/wp\/v2\/posts"}],"about":[{"href":"https:\/\/www.tucomarca.com\/wordpress\/segunda\/ca\/wp-json\/wp\/v2\/types\/post"}],"author":[{"embeddable":true,"href":"https:\/\/www.tucomarca.com\/wordpress\/segunda\/ca\/wp-json\/wp\/v2\/users\/1"}],"replies":[{"embeddable":true,"href":"https:\/\/www.tucomarca.com\/wordpress\/segunda\/ca\/wp-json\/wp\/v2\/comments?post=152165"}],"version-history":[{"count":0,"href":"https:\/\/www.tucomarca.com\/wordpress\/segunda\/ca\/wp-json\/wp\/v2\/posts\/152165\/revisions"}],"wp:featuredmedia":[{"embeddable":true,"href":"https:\/\/www.tucomarca.com\/wordpress\/segunda\/ca\/wp-json\/wp\/v2\/media\/152161"}],"wp:attachment":[{"href":"https:\/\/www.tucomarca.com\/wordpress\/segunda\/ca\/wp-json\/wp\/v2\/media?parent=152165"}],"wp:term":[{"taxonomy":"category","embeddable":true,"href":"https:\/\/www.tucomarca.com\/wordpress\/segunda\/ca\/wp-json\/wp\/v2\/categories?post=152165"},{"taxonomy":"post_tag","embeddable":true,"href":"https:\/\/www.tucomarca.com\/wordpress\/segunda\/ca\/wp-json\/wp\/v2\/tags?post=152165"}],"curies":[{"name":"wp","href":"https:\/\/api.w.org\/{rel}","templated":true}]}}