{"id":152400,"date":"2022-03-21T11:00:00","date_gmt":"2022-03-21T10:00:00","guid":{"rendered":"http:\/\/www.tucomarca.com\/wordpress\/segunda\/?p=152400"},"modified":"2022-03-21T12:40:17","modified_gmt":"2022-03-21T11:40:17","slug":"saul-gomez-soler-ja-es-el-nou-director-del-cim-larmonica-de-bunyol","status":"publish","type":"post","link":"https:\/\/www.tucomarca.com\/wordpress\/segunda\/ca\/saul-gomez-soler-ja-es-el-nou-director-del-cim-larmonica-de-bunyol\/","title":{"rendered":"Sa\u00fcl G\u00f3mez Soler ja \u00e9s el nou director del CIM &#8220;L&#8217;Arm\u00f2nica&#8221; de Bunyol"},"content":{"rendered":"\n<p>La Junta Directiva del CIM L&#8221;La Arm\u00f2nica&#8221; ha fet p\u00fablic el nom de nou Director Art\u00edstico del Litre, despr\u00e9s de la sessi\u00f3 extraordin\u00e0ria de la Junta Directiva celebrada el diumenge 20 de mar\u00e7.<\/p>\n\n\n\n<p>Es tracta del director i compositor valenci\u00e0 Sa\u00fcl G\u00f3mez Soler, natural d&#8217;Ontinyent, Llicenciat en Percussi\u00f3 i Composici\u00f3 pel Conservatori Superior de M\u00fasica Joaqu\u00edn Rodrigo de Val\u00e8ncia, llicenciat en Direcci\u00f3 d&#8217;Orquestra pel Conservatori Superior de M\u00fasica del Liceu de Barcelona i que ha estudiat direcci\u00f3 de banda en la ISEB a Trento (It\u00e0lia)<\/p>\n\n\n\n<figure class=\"wp-block-image size-large\"><img loading=\"lazy\" decoding=\"async\" width=\"931\" height=\"524\" src=\"http:\/\/www.tucomarca.com\/wordpress\/segunda\/wp-content\/uploads\/2022\/03\/NuevoDirectorLitroSaul01.jpg\" alt=\"\" class=\"wp-image-152397\" srcset=\"https:\/\/www.tucomarca.com\/wordpress\/segunda\/wp-content\/uploads\/2022\/03\/NuevoDirectorLitroSaul01.jpg 931w, https:\/\/www.tucomarca.com\/wordpress\/segunda\/wp-content\/uploads\/2022\/03\/NuevoDirectorLitroSaul01-300x169.jpg 300w, https:\/\/www.tucomarca.com\/wordpress\/segunda\/wp-content\/uploads\/2022\/03\/NuevoDirectorLitroSaul01-768x432.jpg 768w, https:\/\/www.tucomarca.com\/wordpress\/segunda\/wp-content\/uploads\/2022\/03\/NuevoDirectorLitroSaul01-678x381.jpg 678w\" sizes=\"auto, (max-width: 931px) 100vw, 931px\" \/><\/figure>\n\n\n\n<p>L&#8217;elecci\u00f3 del director s&#8217;ha produ\u00eft despr\u00e9s d&#8217;un proc\u00e9s que es va iniciar al novembre de 2020 amb la publicaci\u00f3 d&#8217;una convocat\u00f2ria oberta: despr\u00e9s d&#8217;una selecci\u00f3 inicial basada en el curr\u00edculum, l&#8217;experi\u00e8ncia i el projecte art\u00edstic proposat pels candidats, han sigut 3 els directors finalistes que han optat a aquesta pla\u00e7a, mitjan\u00e7ant la realitzaci\u00f3 de sengles concerts com a directors convidats al llarg de l&#8217;any 2021.&nbsp;<\/p>\n\n\n\n<figure class=\"wp-block-image size-large\"><img loading=\"lazy\" decoding=\"async\" width=\"923\" height=\"433\" src=\"http:\/\/www.tucomarca.com\/wordpress\/segunda\/wp-content\/uploads\/2022\/03\/NuevoDirectorLitroSaul02.jpg\" alt=\"\" class=\"wp-image-152393\" srcset=\"https:\/\/www.tucomarca.com\/wordpress\/segunda\/wp-content\/uploads\/2022\/03\/NuevoDirectorLitroSaul02.jpg 923w, https:\/\/www.tucomarca.com\/wordpress\/segunda\/wp-content\/uploads\/2022\/03\/NuevoDirectorLitroSaul02-300x141.jpg 300w, https:\/\/www.tucomarca.com\/wordpress\/segunda\/wp-content\/uploads\/2022\/03\/NuevoDirectorLitroSaul02-768x360.jpg 768w\" sizes=\"auto, (max-width: 923px) 100vw, 923px\" \/><\/figure>\n\n\n\n<p>Respecte al cicle de concerts la Presidenta del Litre, Rosario Pardo ha destacat que: \u201cHa sigut un complet privilegi tindre l&#8217;oportunitat de con\u00e9ixer i treballar amb professionals del nivell de Sa\u00fcl G\u00f3mez, Andrea Gasperin i Marcel Ortega. Qualsevol d&#8217;ells hauria sigut un gran director per al Litre com han demostrat en els seus respectius concerts al capdavant de la Banda. El meu reconeixement i admiraci\u00f3 per tots ells tamb\u00e9 per participar en un proc\u00e9s selectiu en el qual a m\u00e9s han hagut d&#8217;enfrontar-se a les dificultats de la pand\u00e8mia amb plantilles dividides per les dist\u00e0ncies m\u00ednimes i molta incertesa. Aix\u00f2 parla per si sol de la talla professional i humana de Sa\u00fal, de Marcel i d&#8217;Andrea\u201d.<\/p>\n\n\n\n<figure class=\"wp-block-image size-large\"><img loading=\"lazy\" decoding=\"async\" width=\"886\" height=\"278\" src=\"http:\/\/www.tucomarca.com\/wordpress\/segunda\/wp-content\/uploads\/2022\/03\/NuevoDirectorLitroSaul03.jpg\" alt=\"\" class=\"wp-image-152395\" srcset=\"https:\/\/www.tucomarca.com\/wordpress\/segunda\/wp-content\/uploads\/2022\/03\/NuevoDirectorLitroSaul03.jpg 886w, https:\/\/www.tucomarca.com\/wordpress\/segunda\/wp-content\/uploads\/2022\/03\/NuevoDirectorLitroSaul03-300x94.jpg 300w, https:\/\/www.tucomarca.com\/wordpress\/segunda\/wp-content\/uploads\/2022\/03\/NuevoDirectorLitroSaul03-768x241.jpg 768w\" sizes=\"auto, (max-width: 886px) 100vw, 886px\" \/><\/figure>\n\n\n\n<p>\u201cVull tamb\u00e9 expressar el meu agra\u00efment als m\u00fasics que han aconseguit tirar avant una programaci\u00f3 de concerts molt exigent, en un moment molt complicat per la crisi sanit\u00e0ria i en una situaci\u00f3 de provisionalitat permanent sense un director titular\u201d. Finalment Rosario Pardo ha destacat que \u201centre tots hem aconseguit fer d&#8217;un any perdut, un any guanyat, i abordem aquesta nova etapa amb molta il\u00b7lusi\u00f3 i un gran projecte de la m\u00e0 de Sa\u00fcl G\u00f3mez\u201d.<br>Per al director, Sa\u00fcl Gomez Soler: \u201c\u00c9s un immens honor i un orgull enorme ser nomenat director titular d&#8217;aquesta hist\u00f2rica formaci\u00f3, que culmina la meua traject\u00f2ria de quasi dues d\u00e8cades al capdavant de formacions band\u00edsticas valencianes. El Litre \u00e9s una de les refer\u00e8ncies mundials en l&#8217;\u00e0mbit band\u00edstico i treballar\u00e9 dia a dia per a poder estar a la seua altura i per a continuar fent gran la hist\u00f2ria d&#8217;aquesta societat\u201d.<br>El primer acte oficial de Sa\u00fcl G\u00f3mez Soler com a nou director del Litre tindr\u00e0 lloc el pr\u00f2xim 14 d&#8217;abril en la desfilada de la process\u00f3 de Dijous Sant i, a continuaci\u00f3, s&#8217;anunciar\u00e0 el seu concert de presentaci\u00f3 coincidint amb el tradicional Concert de Primavera de la temporada d&#8217;abonament del CIM L&#8217;Harm\u00f2nica.<\/p>\n","protected":false},"excerpt":{"rendered":"<div class=\"mh-excerpt\">La Junta Directiva del CIM L&#8221;La Arm\u00f2nica&#8221; ha fet p\u00fablic el nom de nou Director Art\u00edstico del Litre, despr\u00e9s de la sessi\u00f3 extraordin\u00e0ria de la Junta Directiva celebrada el diumenge 20 de mar\u00e7. Es tracta <a class=\"mh-excerpt-more\" href=\"https:\/\/www.tucomarca.com\/wordpress\/segunda\/ca\/saul-gomez-soler-ja-es-el-nou-director-del-cim-larmonica-de-bunyol\/\" title=\"Sa\u00fcl G\u00f3mez Soler ja \u00e9s el nou director del CIM &#8220;L&#8217;Arm\u00f2nica&#8221; de Bunyol\">[+] <\/a><\/div>\n","protected":false},"author":12,"featured_media":152392,"comment_status":"open","ping_status":"open","sticky":false,"template":"","format":"standard","meta":{"footnotes":""},"categories":[10911,11005,10894,10912,11007,10896],"tags":[10913,11209,11774,10914,15091],"class_list":{"0":"post-152400","1":"post","2":"type-post","3":"status-publish","4":"format-standard","5":"has-post-thumbnail","7":"category-bunol-ca","8":"category-canal-musica","9":"category-la-comarca-ca","10":"category-la-hoya-ca","11":"category-ocio-y-cultura-ca","12":"category-seccion-ca","13":"tag-bunol-ca","14":"tag-cim-la-armonica-de-bunol-ca","15":"tag-el-litro-ca","16":"tag-la-hoya-de-bunol-chiva-ca","17":"tag-saul-gomez-soler-ca"},"_links":{"self":[{"href":"https:\/\/www.tucomarca.com\/wordpress\/segunda\/ca\/wp-json\/wp\/v2\/posts\/152400","targetHints":{"allow":["GET"]}}],"collection":[{"href":"https:\/\/www.tucomarca.com\/wordpress\/segunda\/ca\/wp-json\/wp\/v2\/posts"}],"about":[{"href":"https:\/\/www.tucomarca.com\/wordpress\/segunda\/ca\/wp-json\/wp\/v2\/types\/post"}],"author":[{"embeddable":true,"href":"https:\/\/www.tucomarca.com\/wordpress\/segunda\/ca\/wp-json\/wp\/v2\/users\/12"}],"replies":[{"embeddable":true,"href":"https:\/\/www.tucomarca.com\/wordpress\/segunda\/ca\/wp-json\/wp\/v2\/comments?post=152400"}],"version-history":[{"count":0,"href":"https:\/\/www.tucomarca.com\/wordpress\/segunda\/ca\/wp-json\/wp\/v2\/posts\/152400\/revisions"}],"wp:featuredmedia":[{"embeddable":true,"href":"https:\/\/www.tucomarca.com\/wordpress\/segunda\/ca\/wp-json\/wp\/v2\/media\/152392"}],"wp:attachment":[{"href":"https:\/\/www.tucomarca.com\/wordpress\/segunda\/ca\/wp-json\/wp\/v2\/media?parent=152400"}],"wp:term":[{"taxonomy":"category","embeddable":true,"href":"https:\/\/www.tucomarca.com\/wordpress\/segunda\/ca\/wp-json\/wp\/v2\/categories?post=152400"},{"taxonomy":"post_tag","embeddable":true,"href":"https:\/\/www.tucomarca.com\/wordpress\/segunda\/ca\/wp-json\/wp\/v2\/tags?post=152400"}],"curies":[{"name":"wp","href":"https:\/\/api.w.org\/{rel}","templated":true}]}}