{"id":152426,"date":"2022-03-21T08:30:00","date_gmt":"2022-03-21T07:30:00","guid":{"rendered":"http:\/\/www.tucomarca.com\/wordpress\/segunda\/?p=152426"},"modified":"2022-03-21T18:52:45","modified_gmt":"2022-03-21T17:52:45","slug":"el-falco-deleonora-ix-del-cataleg-despecies-de-fauna-amenacades-de-la-comunitat-valenciana","status":"publish","type":"post","link":"https:\/\/www.tucomarca.com\/wordpress\/segunda\/ca\/el-falco-deleonora-ix-del-cataleg-despecies-de-fauna-amenacades-de-la-comunitat-valenciana\/","title":{"rendered":"El falc\u00f3 d&#8217;Eleonora ix del Cat\u00e0leg d&#8217;Esp\u00e8cies de Fauna Amena\u00e7ades de la Comunitat Valenciana"},"content":{"rendered":"\n<p>La Conselleria d&#8217;Agricultura, Desenvolupament Rural, Emerg\u00e8ncia Clim\u00e0tica i Transici\u00f3 Ecol\u00f2gica traur\u00e0 el falc\u00f3 d&#8217;Eleonora del Cat\u00e0leg d&#8217;Esp\u00e8cies de Fauna Amena\u00e7ades de la Comunitat Valenciana, on figura com a vulnerable, i passar\u00e0 al Llistat d&#8217;Esp\u00e8cies Silvestre en R\u00e8gim de Protecci\u00f3 Especial.<br>Aquesta mesura es pren en atenci\u00f3 a la tend\u00e8ncia poblacional mostrada per aquest ocell, que ha experimentat un increment dels seus efectius des de principis dels anys 90, havent-hi pr\u00e0cticament duplicat el nombre de parelles reproductores cap al final del per\u00edode de seguiment. En l&#8217;actualitat existeixen al voltant de 62 parelles d&#8217;aquest tipus en la Reserva Natural de les els Columbrets, segons el cens de 2019. Informa, <strong>Luis Ib\u00e1\u00f1ez.<\/strong><\/p>\n","protected":false},"excerpt":{"rendered":"<div class=\"mh-excerpt\">La Conselleria d&#8217;Agricultura, Desenvolupament Rural, Emerg\u00e8ncia Clim\u00e0tica i Transici\u00f3 Ecol\u00f2gica traur\u00e0 el falc\u00f3 d&#8217;Eleonora del Cat\u00e0leg d&#8217;Esp\u00e8cies de Fauna Amena\u00e7ades de la Comunitat Valenciana, on figura com a vulnerable, i passar\u00e0 al Llistat d&#8217;Esp\u00e8cies Silvestre <a class=\"mh-excerpt-more\" href=\"https:\/\/www.tucomarca.com\/wordpress\/segunda\/ca\/el-falco-deleonora-ix-del-cataleg-despecies-de-fauna-amenacades-de-la-comunitat-valenciana\/\" title=\"El falc\u00f3 d&#8217;Eleonora ix del Cat\u00e0leg d&#8217;Esp\u00e8cies de Fauna Amena\u00e7ades de la Comunitat Valenciana\">[+] <\/a><\/div>\n","protected":false},"author":12,"featured_media":152425,"comment_status":"open","ping_status":"open","sticky":false,"template":"","format":"standard","meta":{"footnotes":""},"categories":[10894,10904,10903,10909,10896],"tags":[16588,16589,16590,16591],"class_list":{"0":"post-152426","1":"post","2":"type-post","3":"status-publish","4":"format-standard","5":"has-post-thumbnail","7":"category-la-comarca-ca","8":"category-sin-categorizar-ca","9":"category-medio-ambiente-la-comarca-ca","10":"category-requena-utiel-ca","11":"category-seccion-ca","12":"tag-catalogo-de-especies-de-fauna-amenazadas-ca","13":"tag-falco-de-la-reina-ca","14":"tag-halcon-de-eleonora-ca","15":"tag-reserva-natural-de-las-islas-columbretes-ca"},"_links":{"self":[{"href":"https:\/\/www.tucomarca.com\/wordpress\/segunda\/ca\/wp-json\/wp\/v2\/posts\/152426","targetHints":{"allow":["GET"]}}],"collection":[{"href":"https:\/\/www.tucomarca.com\/wordpress\/segunda\/ca\/wp-json\/wp\/v2\/posts"}],"about":[{"href":"https:\/\/www.tucomarca.com\/wordpress\/segunda\/ca\/wp-json\/wp\/v2\/types\/post"}],"author":[{"embeddable":true,"href":"https:\/\/www.tucomarca.com\/wordpress\/segunda\/ca\/wp-json\/wp\/v2\/users\/12"}],"replies":[{"embeddable":true,"href":"https:\/\/www.tucomarca.com\/wordpress\/segunda\/ca\/wp-json\/wp\/v2\/comments?post=152426"}],"version-history":[{"count":0,"href":"https:\/\/www.tucomarca.com\/wordpress\/segunda\/ca\/wp-json\/wp\/v2\/posts\/152426\/revisions"}],"wp:featuredmedia":[{"embeddable":true,"href":"https:\/\/www.tucomarca.com\/wordpress\/segunda\/ca\/wp-json\/wp\/v2\/media\/152425"}],"wp:attachment":[{"href":"https:\/\/www.tucomarca.com\/wordpress\/segunda\/ca\/wp-json\/wp\/v2\/media?parent=152426"}],"wp:term":[{"taxonomy":"category","embeddable":true,"href":"https:\/\/www.tucomarca.com\/wordpress\/segunda\/ca\/wp-json\/wp\/v2\/categories?post=152426"},{"taxonomy":"post_tag","embeddable":true,"href":"https:\/\/www.tucomarca.com\/wordpress\/segunda\/ca\/wp-json\/wp\/v2\/tags?post=152426"}],"curies":[{"name":"wp","href":"https:\/\/api.w.org\/{rel}","templated":true}]}}