{"id":152531,"date":"2022-03-23T08:05:00","date_gmt":"2022-03-23T07:05:00","guid":{"rendered":"http:\/\/www.tucomarca.com\/wordpress\/segunda\/?p=152531"},"modified":"2022-03-23T10:24:43","modified_gmt":"2022-03-23T09:24:43","slug":"la-guardia-civil-desarticula-un-grup-criminal-que-havia-estafat-mes-de-2-000-000-deuros-en-32-provincies-del-pais-despres-dun-registre-a-leliana","status":"publish","type":"post","link":"https:\/\/www.tucomarca.com\/wordpress\/segunda\/ca\/la-guardia-civil-desarticula-un-grup-criminal-que-havia-estafat-mes-de-2-000-000-deuros-en-32-provincies-del-pais-despres-dun-registre-a-leliana\/","title":{"rendered":"V\u00eddeo: desarticulen un grup criminal que havia estafat m\u00e9s de 2.000.000 d&#8217;euros en 33 prov\u00edncies del pa\u00eds despr\u00e9s d&#8217;un registre a L&#8217;Eliana"},"content":{"rendered":"\n<h4 class=\"wp-block-heading\"><strong>Mitjan\u00e7ant l&#8217;obtenci\u00f3 de documentaci\u00f3 personal de manera il\u00b7l\u00edcita, sol\u00b7licitaven pr\u00e9stecs a nom dels perjudicats i realitzaven comandes en l\u00ednia de productes que despr\u00e9s venien en portals de compravenda<\/strong><\/h4>\n\n\n\n<h4 class=\"wp-block-heading\"><strong>La Gu\u00e0rdia Civil ha detingut a 7 homes i altres 11 han sigut investigats per 353 delictes<\/strong><\/h4>\n\n\n\n<h4 class=\"wp-block-heading\"><strong>Aquesta trama criminal afectava 32 prov\u00edncies de tot el territori nacional: Albacete, Alacant, Barcelona, Almeria, Ast\u00faries, \u00c0vila, Badajoz, C\u00e0ceres, Cant\u00e0bria, Castell\u00f3, C\u00f2rdova, Girona, Granada, Guip\u00fascoa, Huelva, Osca, Ja\u00e9n, La Corunya, Lle\u00f3, Logronyo, Madrid, M\u00farcia, Navarra, Pontevedra, Sevilla, Toledo, Val\u00e8ncia, Valladolid, Vit\u00f2ria, Biscaia, Zamora i Saragossa<\/strong><\/h4>\n\n\n\n<figure class=\"wp-block-embed is-type-video is-provider-youtube wp-block-embed-youtube wp-embed-aspect-16-9 wp-has-aspect-ratio\"><div class=\"wp-block-embed__wrapper\">\n<iframe loading=\"lazy\" title=\"Desarticulan un grupo criminal que ha estafado m\u00e1s de 2 millones de euros en 33 provincias del pa\u00eds\" width=\"500\" height=\"281\" src=\"https:\/\/www.youtube.com\/embed\/1xHJww3NvAI?feature=oembed\" frameborder=\"0\" allow=\"accelerometer; autoplay; clipboard-write; encrypted-media; gyroscope; picture-in-picture; web-share\" referrerpolicy=\"strict-origin-when-cross-origin\" allowfullscreen><\/iframe>\n<\/div><\/figure>\n\n\n\n<p>La Gu\u00e0rdia Civil, en el marc de l&#8217;operaci\u00f3 \u201cTRES-CENTS I escaig\u201d, ha detingut a 7 homes per 353 delictes dividits entre estafa, usurpaci\u00f3 d&#8217;estat civil, falsedat documental (p\u00fablic i mercantil), furt, robatori amb for\u00e7a, encobriment, revelaci\u00f3 de secrets i pertinen\u00e7a a organitzaci\u00f3 criminal. A m\u00e9s, s&#8217;ha investigat a 11 homes pels mateixos fets.&nbsp;<\/p>\n\n\n\n<p>A principis del passat mes de setembre de 2020, agents de la Gu\u00e0rdia Civil de Tavernes Blanques, van rebre dues den\u00fancies de ve\u00efnes del municipi en les quals manifestaven que s&#8217;havien fet una s\u00e8rie de c\u00e0rrecs en els seus comptes bancaris a conseq\u00fc\u00e8ncia de pr\u00e9stecs amb una entitat financera que mai havien sol\u00b7licitat.<\/p>\n\n\n\n<p>Despr\u00e9s d&#8217;obrir una operaci\u00f3 per a investigar aquest il\u00b7l\u00edcit penal, els agents van aconseguir descobrir que la trama criminal era molt m\u00e9s extensa i que afectava 32 prov\u00edncies de tot el territori nacional: Albacete, Alacant, Barcelona, Almeria, Ast\u00faries, \u00c0vila, Badajoz, C\u00e0ceres, Cant\u00e0bria, Castell\u00f3, C\u00f2rdova, Girona, Granada, Guip\u00fascoa, Huelva, Osca, Ja\u00e9n, La Corunya, Lle\u00f3, Logronyo, Madrid, M\u00farcia, Navarra, Pontevedra, Sevilla, Toledo, Val\u00e8ncia, Valladolid, Vit\u00f2ria, Biscaia, Zamora i Saragossa.<\/p>\n\n\n\n<p>Els autors havien creat diferents perfils falsos en una empresa espanyola que oferia diferents serveis a trav\u00e9s d&#8217;Internet, entre altres un portal immobiliari. En aquests anuncis, les v\u00edctimes s&#8217;interessaven per llogar habitatges, amb un preu per davall de l&#8217;habitual, i d&#8217;aquesta manera, els autors sol\u00b7licitaven la documentaci\u00f3 personal dels interessats argumentant que era totalment necess\u00e0ria per a l&#8217;arrendament.&nbsp;<\/p>\n\n\n\n<p>La Gu\u00e0rdia Civil tamb\u00e9 va aconseguir esbrinar que diversos d&#8217;aquests pr\u00e9stecs, estaven a nom, principalment, de persones estrangeres que havien sigut v\u00edctimes de robatoris, furts i robatoris en interior de vehicles a la prov\u00edncia de Madrid.&nbsp;<\/p>\n\n\n\n<p>Tota aqueixa documentaci\u00f3 personal, era utilitzada posteriorment pels autors, per a adquirir en botigues en l\u00ednia de diferents prov\u00edncies del territori nacional, mitjan\u00e7ant pr\u00e9stecs financers a nom de les seues v\u00edctimes, productes d&#8217;alta gamma com a bicicletes, motocicletes, vehicles, etc.<\/p>\n\n\n\n<p>Una vegada que aquests productes eren enviats per les botigues i es trobaven en poder de l&#8217;organitzaci\u00f3, els oferien a trav\u00e9s de plataformes de venda de segona m\u00e0 a un preu molt per davall del seu valor real, amb la intenci\u00f3 de vendre&#8217;ls i obtindre el benefici econ\u00f2mic de les vendes amb rapidesa.&nbsp;<\/p>\n\n\n\n<p>La primera fase de l&#8217;operaci\u00f3 es va iniciar el mes de febrer passat de 2021 amb un registre domiciliari en la localitat de L&#8217;Eliana, on els agents van poder intervindre un ordinador port\u00e0til, diversos tel\u00e8fons m\u00f2bils i diversa documentaci\u00f3 relacionada amb l&#8217;operaci\u00f3.<\/p>\n\n\n\n<p>A la fi del mes de febrer de 2022, la Gu\u00e0rdia Civil va executar la segona fase d&#8217;aquesta operaci\u00f3, que es va saldar amb la detenci\u00f3 de 6 homes amb edats compreses entre 22 i 45 anys, de nacionalitat espanyola, i un altre de 26 anys, de nacionalitat brit\u00e0nica per 353 delictes dividits entre estafa, usurpaci\u00f3 d&#8217;estat civil, falsedat documental (p\u00fablic i mercantil), furt, robatori amb for\u00e7a, encobriment, revelaci\u00f3 de secrets i pertinen\u00e7a a organitzaci\u00f3 criminal. A m\u00e9s, s&#8217;han investigat 9 homes amb edats compreses entre 24 i 61a\u00f1os, de nacionalitat espanyola, i dues m\u00e9s de 30 i 60 anys de nacionalitats portuguesa i colombiana, respectivament, pels mateixos fets. El valor dels beneficis dels il\u00b7l\u00edcits penals i els perjudicis a les botigues amb les quals van tractar supera els 2.000.000 euros.<\/p>\n\n\n\n<p>Aquesta operaci\u00f3 ha sigut duta a terme per la Gu\u00e0rdia Civil de Tavernes Blanques i l&#8217;Equip @ de la Gu\u00e0rdia Civil d&#8217;Alacant.<\/p>\n\n\n\n<p><strong>La Gu\u00e0rdia Civil recomana:<\/strong><\/p>\n\n\n\n<p>1.- Evita enviar o publicar c\u00f2pia de la teua documentaci\u00f3 personal a trav\u00e9s d&#8217;internet o qualsevol xarxa social.<\/p>\n\n\n\n<p>2.- Respecte als tr\u00e0mits davant l&#8217;Administraci\u00f3 General de l&#8217;Estat, com b\u00e9 consta en el Reial decret 522\/2006, est\u00e0 prohibit que ens sol\u00b7liciten la fotoc\u00f2pia del nostre DNI, motiu pel qual se suprimeix l&#8217;aportaci\u00f3 de fotoc\u00f2pies de documents d&#8217;identitat en els procediments administratius de l&#8217;Administraci\u00f3 General de l&#8217;Estat i dels seus organismes p\u00fablics vinculats o dependents, de manera que si algun \u00f2rgan de l&#8217;Administraci\u00f3 General de l&#8217;Estat ens sol\u00b7licita la documentaci\u00f3 personal, haur\u00edem de desconfiar autom\u00e0ticament perqu\u00e8 potser es tracta un d&#8217;un cas de \u00abphishing\u00bb (suplantaci\u00f3 d&#8217;identitat).<\/p>\n\n\n\n<p>3.- Desconfia de les empreses que requereixen de documentaci\u00f3 personal, per a realitzar tr\u00e0mits en l\u00ednia, ja siguen per a cerques de treball, immobili\u00e0ries, venedors de productes, etc.<\/p>\n\n\n\n<p>4.- Evita tindre c\u00f2pia de la teua documentaci\u00f3 personal en el teu correu electr\u00f2nic, ja que, davant un acc\u00e9s indegut al mateix per un tercer, la tindria en el seu poder.<\/p>\n\n\n\n<p>5.- No envies la teua documentaci\u00f3 en cap concepte si es tracta una transici\u00f3 realitzada en una plataforma de compravenda.<\/p>\n\n\n\n<p>6.- Sospita si el producte a la venda \u00e9s molt baix respecte al preu de venda en el comer\u00e7.<\/p>\n\n\n\n<p>7.- Si en comprar un producte en una plataforma de compravenda, ens fan lliurament de la factura d&#8217;aquest, s&#8217;ha de comprovar qui \u00e9s el titular, i confirmar si coincideix amb la identitat real del venedor, en cas de no ser aix\u00ed, sospitar de la proced\u00e8ncia del producte. Davant el dubte, el millor \u00e9s no comprar el producte i demanar assessorament legal.<\/p>\n\n\n\n<p>8.- En cas de ser necessari enviar-la per alguna mena de requeriment leg\u00edtim, si es tractar-se d&#8217;un DNI, es pot pixelar la fotografia o b\u00e9 la signatura, o afegir una marca d&#8217;aigua a la c\u00f2pia de la documentaci\u00f3 que enviem, en la qual indiquem la finalitat que t\u00e9 l&#8217;enviament d&#8217;aquesta documentaci\u00f3.<\/p>\n","protected":false},"excerpt":{"rendered":"<div class=\"mh-excerpt\">Mitjan\u00e7ant l&#8217;obtenci\u00f3 de documentaci\u00f3 personal de manera il\u00b7l\u00edcita, sol\u00b7licitaven pr\u00e9stecs a nom dels perjudicats i realitzaven comandes en l\u00ednia de productes que despr\u00e9s venien en portals de compravenda La Gu\u00e0rdia Civil ha detingut a 7 <a class=\"mh-excerpt-more\" href=\"https:\/\/www.tucomarca.com\/wordpress\/segunda\/ca\/la-guardia-civil-desarticula-un-grup-criminal-que-havia-estafat-mes-de-2-000-000-deuros-en-32-provincies-del-pais-despres-dun-registre-a-leliana\/\" title=\"V\u00eddeo: desarticulen un grup criminal que havia estafat m\u00e9s de 2.000.000 d&#8217;euros en 33 prov\u00edncies del pa\u00eds despr\u00e9s d&#8217;un registre a L&#8217;Eliana\">[+] <\/a><\/div>\n","protected":false},"author":1,"featured_media":152653,"comment_status":"open","ping_status":"open","sticky":false,"template":"","format":"video","meta":{"footnotes":""},"categories":[10892,10898,10948,10894,10904,10893,10896,10897,11062],"tags":[10395,1098,10433],"class_list":{"0":"post-152531","1":"post","2":"type-post","3":"status-publish","4":"format-video","5":"has-post-thumbnail","7":"category-camp-de-turia-ca","8":"category-ventana-ca","9":"category-infraestructuras-ca","10":"category-la-comarca-ca","11":"category-sin-categorizar-ca","12":"category-leliana-ca","13":"category-seccion-ca","14":"category-sucesos-la-comarca-ca","15":"category-videos","16":"tag-camp-de-turia","17":"tag-guardia-civil","18":"tag-leliana","19":"post_format-post-format-video"},"_links":{"self":[{"href":"https:\/\/www.tucomarca.com\/wordpress\/segunda\/ca\/wp-json\/wp\/v2\/posts\/152531","targetHints":{"allow":["GET"]}}],"collection":[{"href":"https:\/\/www.tucomarca.com\/wordpress\/segunda\/ca\/wp-json\/wp\/v2\/posts"}],"about":[{"href":"https:\/\/www.tucomarca.com\/wordpress\/segunda\/ca\/wp-json\/wp\/v2\/types\/post"}],"author":[{"embeddable":true,"href":"https:\/\/www.tucomarca.com\/wordpress\/segunda\/ca\/wp-json\/wp\/v2\/users\/1"}],"replies":[{"embeddable":true,"href":"https:\/\/www.tucomarca.com\/wordpress\/segunda\/ca\/wp-json\/wp\/v2\/comments?post=152531"}],"version-history":[{"count":0,"href":"https:\/\/www.tucomarca.com\/wordpress\/segunda\/ca\/wp-json\/wp\/v2\/posts\/152531\/revisions"}],"wp:featuredmedia":[{"embeddable":true,"href":"https:\/\/www.tucomarca.com\/wordpress\/segunda\/ca\/wp-json\/wp\/v2\/media\/152653"}],"wp:attachment":[{"href":"https:\/\/www.tucomarca.com\/wordpress\/segunda\/ca\/wp-json\/wp\/v2\/media?parent=152531"}],"wp:term":[{"taxonomy":"category","embeddable":true,"href":"https:\/\/www.tucomarca.com\/wordpress\/segunda\/ca\/wp-json\/wp\/v2\/categories?post=152531"},{"taxonomy":"post_tag","embeddable":true,"href":"https:\/\/www.tucomarca.com\/wordpress\/segunda\/ca\/wp-json\/wp\/v2\/tags?post=152531"}],"curies":[{"name":"wp","href":"https:\/\/api.w.org\/{rel}","templated":true}]}}