{"id":152639,"date":"2022-03-23T07:55:00","date_gmt":"2022-03-23T06:55:00","guid":{"rendered":"http:\/\/www.tucomarca.com\/wordpress\/segunda\/?p=152639"},"modified":"2022-03-23T10:10:24","modified_gmt":"2022-03-23T09:10:24","slug":"cc-oopv-convoca-mobilitzacions-per-a-exigir-la-contencio-dels-preus-de-lenergia","status":"publish","type":"post","link":"https:\/\/www.tucomarca.com\/wordpress\/segunda\/ca\/cc-oopv-convoca-mobilitzacions-per-a-exigir-la-contencio-dels-preus-de-lenergia\/","title":{"rendered":"CC OOPV convoca mobilitzacions per a exigir la contenci\u00f3 dels preus de l&#8217;energia"},"content":{"rendered":"\n<h4 class=\"wp-block-heading\">Els sindicats organitzen una jornada de reivindicaci\u00f3, al costat d&#8217;altres entitats socials, per a reclamar la contenci\u00f3 dels preus de l&#8217;energia, la protecci\u00f3 de l&#8217;ocupaci\u00f3 i que es frene la deterioraci\u00f3 de les condicions de vida.<\/h4>\n\n\n\n<p>&#8220;Davant l&#8217;escalada desbocada dels preus que des de fa mesos patim al nostre pa\u00eds CCOO PV fa una crida al conjunt de la ciutadania valenciana per a participar en les mobilitzacions convocades, al costat d&#8217;organitzacions com UGTPV, FACUA, UATAE i CAVE-COVA, aquest dimecres, 23 de mar\u00e7. La tensi\u00f3 dels preus de l&#8217;electricitat, gas, els carburants i altres mat\u00e8ries primeres s&#8217;est\u00e0 traslladant al preu de la resta de b\u00e9ns i serveis, que ja pugen de forma generalitzada&#8221;, segons han informat.<\/p>\n\n\n\n<p>En aquest escenari, &#8220;la deterioraci\u00f3 de les condicions de vida de fam\u00edlies, persones treballadores i consumidores i del teixit productiu \u00e9s del tot notable&#8221;. La secret\u00e0ria general de CCOO PV, Ana Garc\u00eda, assenyala que la poblaci\u00f3 m\u00e9s vulnerable, la que no arriba a fi de mes, o la que arriba amb moltes dificultats, \u201c\u00e9s la que est\u00e0 patint de forma m\u00e9s cruel aquesta nova crisi\u201d. Per aix\u00f2, explica que es demanar\u00e0 a les autoritats p\u00fabliques un canvi en el sistema de fixaci\u00f3 del preu de l&#8217;electricitat per a controlar les pujades desmesurades dels preus i que es pose fi als beneficis abusius de les empreses el\u00e8ctriques i d&#8217;hidrocarburs.<\/p>\n\n\n\n<p>\u201cReclamem protecci\u00f3 per a la ciutadania i per a les fam\u00edlies i suport als sectors productius que m\u00e9s energia estan consumint. Exigim que s&#8217;active tamb\u00e9 el mecanisme XARXA per a evitar els acomiadaments, aix\u00ed com, si arribara el cas, mecanismes similars per a les persones autonomas\u201d, afirma Ana Garc\u00eda, que tamb\u00e9 apunta al control del preu dels lloguers per a evitar que es revaloren amb l&#8217;IPC, \u201cperqu\u00e8 tindre un habitatge \u00e9s una necessitat, no un luxe\u201d.&nbsp;<\/p>\n\n\n\n<p><strong>Concentracions al Pa\u00eds Valenci\u00e0<\/strong><\/p>\n\n\n\n<p>La concentraci\u00f3 ser\u00e0 a Val\u00e8ncia (19.00 hores, Pl. Ajuntament). A m\u00e9s, aquestes convocat\u00f2ries es combinaran amb concentracions en els centres de treball a les 12.00 hores.<\/p>\n\n\n\n<p>S&#8217;ha convidat a sumar-se als partits pol\u00edtics i, de moment, s&#8217;han adherit les seg\u00fcents entitats socials: AVACU, Coordinadora Valenciana de ONGD, EAPN CV-Xarxa per la Inclusi\u00f3, ATTAC PV, HOAC, Mesa d&#8217;Entitats de Solidaritat amb els persones migrants.<\/p>\n","protected":false},"excerpt":{"rendered":"<div class=\"mh-excerpt\">Els sindicats organitzen una jornada de reivindicaci\u00f3, al costat d&#8217;altres entitats socials, per a reclamar la contenci\u00f3 dels preus de l&#8217;energia, la protecci\u00f3 de l&#8217;ocupaci\u00f3 i que es frene la deterioraci\u00f3 de les condicions de <a class=\"mh-excerpt-more\" href=\"https:\/\/www.tucomarca.com\/wordpress\/segunda\/ca\/cc-oopv-convoca-mobilitzacions-per-a-exigir-la-contencio-dels-preus-de-lenergia\/\" title=\"CC OOPV convoca mobilitzacions per a exigir la contenci\u00f3 dels preus de l&#8217;energia\">[+] <\/a><\/div>\n","protected":false},"author":12,"featured_media":152638,"comment_status":"open","ping_status":"open","sticky":false,"template":"","format":"standard","meta":{"footnotes":""},"categories":[11019,10948,10894,10904,10912,10903,10947,10909,10896],"tags":[11530,15078,11497,16615,16616],"class_list":{"0":"post-152639","1":"post","2":"type-post","3":"status-publish","4":"format-standard","5":"has-post-thumbnail","7":"category-agenda-ca","8":"category-infraestructuras-ca","9":"category-la-comarca-ca","10":"category-sin-categorizar-ca","11":"category-la-hoya-ca","12":"category-medio-ambiente-la-comarca-ca","13":"category-politica","14":"category-requena-utiel-ca","15":"category-seccion-ca","16":"tag-ccoo-ca","17":"tag-ccoopv-ca","18":"tag-comunitat-valenciana-ca","19":"tag-movilizaciones-ca","20":"tag-precio-de-la-energia-ca"},"_links":{"self":[{"href":"https:\/\/www.tucomarca.com\/wordpress\/segunda\/ca\/wp-json\/wp\/v2\/posts\/152639","targetHints":{"allow":["GET"]}}],"collection":[{"href":"https:\/\/www.tucomarca.com\/wordpress\/segunda\/ca\/wp-json\/wp\/v2\/posts"}],"about":[{"href":"https:\/\/www.tucomarca.com\/wordpress\/segunda\/ca\/wp-json\/wp\/v2\/types\/post"}],"author":[{"embeddable":true,"href":"https:\/\/www.tucomarca.com\/wordpress\/segunda\/ca\/wp-json\/wp\/v2\/users\/12"}],"replies":[{"embeddable":true,"href":"https:\/\/www.tucomarca.com\/wordpress\/segunda\/ca\/wp-json\/wp\/v2\/comments?post=152639"}],"version-history":[{"count":0,"href":"https:\/\/www.tucomarca.com\/wordpress\/segunda\/ca\/wp-json\/wp\/v2\/posts\/152639\/revisions"}],"wp:featuredmedia":[{"embeddable":true,"href":"https:\/\/www.tucomarca.com\/wordpress\/segunda\/ca\/wp-json\/wp\/v2\/media\/152638"}],"wp:attachment":[{"href":"https:\/\/www.tucomarca.com\/wordpress\/segunda\/ca\/wp-json\/wp\/v2\/media?parent=152639"}],"wp:term":[{"taxonomy":"category","embeddable":true,"href":"https:\/\/www.tucomarca.com\/wordpress\/segunda\/ca\/wp-json\/wp\/v2\/categories?post=152639"},{"taxonomy":"post_tag","embeddable":true,"href":"https:\/\/www.tucomarca.com\/wordpress\/segunda\/ca\/wp-json\/wp\/v2\/tags?post=152639"}],"curies":[{"name":"wp","href":"https:\/\/api.w.org\/{rel}","templated":true}]}}