{"id":152660,"date":"2022-03-22T19:05:00","date_gmt":"2022-03-22T18:05:00","guid":{"rendered":"http:\/\/www.tucomarca.com\/wordpress\/segunda\/?p=152660"},"modified":"2022-03-22T21:06:24","modified_gmt":"2022-03-22T20:06:24","slug":"video-els-efectes-del-temporal-en-els-llits-de-rius-i-barrancs-en-la-foia-de-bunyol-xiva","status":"publish","type":"post","link":"https:\/\/www.tucomarca.com\/wordpress\/segunda\/ca\/video-els-efectes-del-temporal-en-els-llits-de-rius-i-barrancs-en-la-foia-de-bunyol-xiva\/","title":{"rendered":"V\u00eddeo: els efectes del temporal en els llits de rius i barrancs en La Foia de Bunyol-Xiva"},"content":{"rendered":"\n<figure class=\"wp-block-embed is-type-video is-provider-youtube wp-block-embed-youtube wp-embed-aspect-16-9 wp-has-aspect-ratio\"><div class=\"wp-block-embed__wrapper\">\n<iframe loading=\"lazy\" title=\"V\u00eddeo: los efectos del temporal en los cauces de r\u00edos y barrancos en La Hoya de Bu\u00f1ol-Chiva\" width=\"500\" height=\"281\" src=\"https:\/\/www.youtube.com\/embed\/u1sczbLhsFQ?feature=oembed\" frameborder=\"0\" allow=\"accelerometer; autoplay; clipboard-write; encrypted-media; gyroscope; picture-in-picture; web-share\" referrerpolicy=\"strict-origin-when-cross-origin\" allowfullscreen><\/iframe>\n<\/div><\/figure>\n\n\n\n<p>Les precipitacions caigudes durant les \u00faltimes 48 hores en La Foia de Bunyol-Xiva han desbordat diversos barrancs i llits, entre ells el del Riu Bunyol on ha arrossegat arbres i vegetaci\u00f3.<\/p>\n\n\n\n<p>La for\u00e7a d&#8217;aquesta crescuda s&#8217;ha emportat el pont de ferro d&#8217;acc\u00e9s a les f\u00e0briques m\u00e9s pr\u00f2ximes al riu, afortunadament els carrers de la poblaci\u00f3 pr\u00f2ximes al llit no han patit inundacions pel que la poblaci\u00f3 no est\u00e0 amena\u00e7ada. A I\u00e0tova, la Cova dels Coloms i el llit del Riu Juanes tamb\u00e9 han patit importants crescudes i desbordaments.<\/p>\n","protected":false},"excerpt":{"rendered":"<div class=\"mh-excerpt\">Les precipitacions caigudes durant les \u00faltimes 48 hores en La Foia de Bunyol-Xiva han desbordat diversos barrancs i llits, entre ells el del Riu Bunyol on ha arrossegat arbres i vegetaci\u00f3. La for\u00e7a d&#8217;aquesta crescuda <a class=\"mh-excerpt-more\" href=\"https:\/\/www.tucomarca.com\/wordpress\/segunda\/ca\/video-els-efectes-del-temporal-en-els-llits-de-rius-i-barrancs-en-la-foia-de-bunyol-xiva\/\" title=\"V\u00eddeo: els efectes del temporal en els llits de rius i barrancs en La Foia de Bunyol-Xiva\">[+] <\/a><\/div>\n","protected":false},"author":1,"featured_media":152658,"comment_status":"open","ping_status":"open","sticky":false,"template":"","format":"video","meta":{"footnotes":""},"categories":[10973,10911,10898,10980,10948,10894,10904,10912,10903,10896,10897,11062],"tags":[10913,10914,11141],"class_list":{"0":"post-152660","1":"post","2":"type-post","3":"status-publish","4":"format-video","5":"has-post-thumbnail","7":"category-alborache-ca","8":"category-bunol-ca","9":"category-ventana-ca","10":"category-yatova-ca","11":"category-infraestructuras-ca","12":"category-la-comarca-ca","13":"category-sin-categorizar-ca","14":"category-la-hoya-ca","15":"category-medio-ambiente-la-comarca-ca","16":"category-seccion-ca","17":"category-sucesos-la-comarca-ca","18":"category-videos","19":"tag-bunol-ca","20":"tag-la-hoya-de-bunol-chiva-ca","21":"tag-yatova-ca","22":"post_format-post-format-video"},"_links":{"self":[{"href":"https:\/\/www.tucomarca.com\/wordpress\/segunda\/ca\/wp-json\/wp\/v2\/posts\/152660","targetHints":{"allow":["GET"]}}],"collection":[{"href":"https:\/\/www.tucomarca.com\/wordpress\/segunda\/ca\/wp-json\/wp\/v2\/posts"}],"about":[{"href":"https:\/\/www.tucomarca.com\/wordpress\/segunda\/ca\/wp-json\/wp\/v2\/types\/post"}],"author":[{"embeddable":true,"href":"https:\/\/www.tucomarca.com\/wordpress\/segunda\/ca\/wp-json\/wp\/v2\/users\/1"}],"replies":[{"embeddable":true,"href":"https:\/\/www.tucomarca.com\/wordpress\/segunda\/ca\/wp-json\/wp\/v2\/comments?post=152660"}],"version-history":[{"count":0,"href":"https:\/\/www.tucomarca.com\/wordpress\/segunda\/ca\/wp-json\/wp\/v2\/posts\/152660\/revisions"}],"wp:featuredmedia":[{"embeddable":true,"href":"https:\/\/www.tucomarca.com\/wordpress\/segunda\/ca\/wp-json\/wp\/v2\/media\/152658"}],"wp:attachment":[{"href":"https:\/\/www.tucomarca.com\/wordpress\/segunda\/ca\/wp-json\/wp\/v2\/media?parent=152660"}],"wp:term":[{"taxonomy":"category","embeddable":true,"href":"https:\/\/www.tucomarca.com\/wordpress\/segunda\/ca\/wp-json\/wp\/v2\/categories?post=152660"},{"taxonomy":"post_tag","embeddable":true,"href":"https:\/\/www.tucomarca.com\/wordpress\/segunda\/ca\/wp-json\/wp\/v2\/tags?post=152660"}],"curies":[{"name":"wp","href":"https:\/\/api.w.org\/{rel}","templated":true}]}}