{"id":152684,"date":"2022-03-23T14:00:00","date_gmt":"2022-03-23T13:00:00","guid":{"rendered":"http:\/\/www.tucomarca.com\/wordpress\/segunda\/?p=152684"},"modified":"2022-03-23T18:38:42","modified_gmt":"2022-03-23T17:38:42","slug":"lajuntament-de-requena-assegura-que-no-te-voluntat-de-tancar-les-escoles-infantils","status":"publish","type":"post","link":"https:\/\/www.tucomarca.com\/wordpress\/segunda\/ca\/lajuntament-de-requena-assegura-que-no-te-voluntat-de-tancar-les-escoles-infantils\/","title":{"rendered":"L&#8217;Ajuntament de Requena assegura que no t\u00e9 voluntat de tancar les escoles infantils"},"content":{"rendered":"\n<p>El consistori requenense sobre les escoles infantils argumenta que &#8220;en data 07\/03\/2022, la Conselleria d&#8217;Educaci\u00f3, que \u00e9s la competent en la mat\u00e8ria, va aprovar l&#8217;Arranjament Escolar del curs 2022-2023 pel qual es creen aules d&#8217;Educaci\u00f3 Infantil, de 2-3 anys, en els CEIP Serrano Clavero i Lucio Gil Fagoaga&#8221;.&nbsp;<br>&#8220;A m\u00e9s, despr\u00e9s d&#8217;anys de reivindicaci\u00f3 per aquest Ajuntament per a millorar aquest servei en els llogarets, es van incloure les aules de 2-3 anys en els aularis del CRA El Teix. Despr\u00e9s de la publicaci\u00f3 de la citada resoluci\u00f3, l&#8217;Ajuntament va reunir el Consell Escolar Municipal, del qual formen part els CEIP, per a valorar la inclusi\u00f3 o no d&#8217;aquestes aules. Aquest Consell va decidir no presentar al\u00b7legacions en contra de l&#8217;arranjament escolar&#8221;.<br>&#8220;L&#8217;Ajuntament de Requena valora molt positivament la labor que realitzen les Escoles Infantils del nostre municipi, com a centres d&#8217;Educaci\u00f3 Infantil especialitzats en aquesta etapa educativa tan important en el desenvolupament de la inf\u00e0ncia i d&#8217;atenci\u00f3 personalitzada i individualitzada gr\u00e0cies tamb\u00e9 a la labor de prevenci\u00f3 del Gabinet Psicol\u00f2gic municipal. L&#8217;Ajuntament de Requena sempre ha donat suport a la gesti\u00f3 de qualitat que han realitzat les Escoles Infantils municipals de Requena&#8221;.<br>&#8220;A les escoles infantils municipals de la Glorieta i La Zorita, l&#8217;Ajuntament ha realitzat inversions en els \u00faltims anys, substituint les calderes de tots dos centres, aix\u00ed com la reforma dels patis. A m\u00e9s d&#8217;altres inversions que es duran a terme pr\u00f2ximament&#8221;.&nbsp;<br>Aix\u00ed mateix, les places de 2-3 anys s\u00f3n subvencionades per Conselleria al 100% i d&#8217;1 a 2 anys segons renda.<br>&#8220;Per al curs 2022-2023, aquestes places seguiran subvencionades i l&#8217;obertura de les Escoles Infantils municipals es dur\u00e0 a terme com fins ara, sense absolutament cap voluntat de procedir al seu tancament per part de l&#8217;Ajuntament. Seran les mares i els pares els que tindran llibertat per a decidir on volen que es formen els seus xicotets, amb una major oferta que hi havia fins ara i sense perdre cap opci\u00f3, amb la finalitat de contribuir i fomentar aquest servei imprescindible per a aconseguir la conciliaci\u00f3 necess\u00e0ria per a les fam\u00edlies requenenses&#8221;.<br>&#8220;Aquest Ajuntament continuar\u00e0 lluitant per l&#8217;educaci\u00f3 i el benestar dels m\u00e9s xicotets, dins de les seues compet\u00e8ncies, i Requena comptar\u00e0 amb una major oferta p\u00fablica i gratu\u00efta de places, donant soluci\u00f3 a l&#8217;important problema que troben les fam\u00edlies que necessiten procurar atenci\u00f3 i cures als seus fills durant les jornades laborals i que es trobaven impotents davant l&#8217;escassa oferta de places i els requisits socials valorats per a adjudicar les mateixes, posant fi a la situaci\u00f3 que hi havia fins no fa tant de cues eternes i llocs d&#8217;espera a les escoles infantils&#8221;, finalitzen. Informa, <strong>Luis Ib\u00e1\u00f1ez<\/strong>.<\/p>\n","protected":false},"excerpt":{"rendered":"<div class=\"mh-excerpt\">El consistori requenense sobre les escoles infantils argumenta que &#8220;en data 07\/03\/2022, la Conselleria d&#8217;Educaci\u00f3, que \u00e9s la competent en la mat\u00e8ria, va aprovar l&#8217;Arranjament Escolar del curs 2022-2023 pel qual es creen aules d&#8217;Educaci\u00f3 <a class=\"mh-excerpt-more\" href=\"https:\/\/www.tucomarca.com\/wordpress\/segunda\/ca\/lajuntament-de-requena-assegura-que-no-te-voluntat-de-tancar-les-escoles-infantils\/\" title=\"L&#8217;Ajuntament de Requena assegura que no t\u00e9 voluntat de tancar les escoles infantils\">[+] <\/a><\/div>\n","protected":false},"author":12,"featured_media":96302,"comment_status":"open","ping_status":"open","sticky":false,"template":"","format":"standard","meta":{"footnotes":""},"categories":[10948,10894,10947,10908,10909,10896],"tags":[11254,16621,10910],"class_list":{"0":"post-152684","1":"post","2":"type-post","3":"status-publish","4":"format-standard","5":"has-post-thumbnail","7":"category-infraestructuras-ca","8":"category-la-comarca-ca","9":"category-politica","10":"category-requena-ca","11":"category-requena-utiel-ca","12":"category-seccion-ca","13":"tag-ayuntamiento-de-requena-ca","14":"tag-escuelas-infantiles-municipales-ca","15":"tag-requena-utiel-ca"},"_links":{"self":[{"href":"https:\/\/www.tucomarca.com\/wordpress\/segunda\/ca\/wp-json\/wp\/v2\/posts\/152684","targetHints":{"allow":["GET"]}}],"collection":[{"href":"https:\/\/www.tucomarca.com\/wordpress\/segunda\/ca\/wp-json\/wp\/v2\/posts"}],"about":[{"href":"https:\/\/www.tucomarca.com\/wordpress\/segunda\/ca\/wp-json\/wp\/v2\/types\/post"}],"author":[{"embeddable":true,"href":"https:\/\/www.tucomarca.com\/wordpress\/segunda\/ca\/wp-json\/wp\/v2\/users\/12"}],"replies":[{"embeddable":true,"href":"https:\/\/www.tucomarca.com\/wordpress\/segunda\/ca\/wp-json\/wp\/v2\/comments?post=152684"}],"version-history":[{"count":0,"href":"https:\/\/www.tucomarca.com\/wordpress\/segunda\/ca\/wp-json\/wp\/v2\/posts\/152684\/revisions"}],"wp:featuredmedia":[{"embeddable":true,"href":"https:\/\/www.tucomarca.com\/wordpress\/segunda\/ca\/wp-json\/wp\/v2\/media\/96302"}],"wp:attachment":[{"href":"https:\/\/www.tucomarca.com\/wordpress\/segunda\/ca\/wp-json\/wp\/v2\/media?parent=152684"}],"wp:term":[{"taxonomy":"category","embeddable":true,"href":"https:\/\/www.tucomarca.com\/wordpress\/segunda\/ca\/wp-json\/wp\/v2\/categories?post=152684"},{"taxonomy":"post_tag","embeddable":true,"href":"https:\/\/www.tucomarca.com\/wordpress\/segunda\/ca\/wp-json\/wp\/v2\/tags?post=152684"}],"curies":[{"name":"wp","href":"https:\/\/api.w.org\/{rel}","templated":true}]}}